{"id":9362,"date":"2022-07-01T18:00:00","date_gmt":"2022-07-01T16:00:00","guid":{"rendered":"https:\/\/www.visbygk.com\/?p=9362"},"modified":"2022-07-01T17:06:03","modified_gmt":"2022-07-01T15:06:03","slug":"meny-lordag-sondag-13","status":"publish","type":"post","link":"https:\/\/www.visbygk.com\/sv\/aktuell-meny\/meny-lordag-sondag-13\/","title":{"rendered":"Meny L\u00f6rdag-S\u00f6ndag"},"content":{"rendered":"\n<p>Chili con carne, med smetana, picklad r\u00f6dk\u00e5l och nachochips <strong>145kr<\/strong><\/p>\n\n\n\n<p>Ch\u00e8vre Chaud p\u00e5 salladsb\u00e4dd, med betor och honung <strong>160kr<\/strong><\/p>\n\n\n\n<p>Pasta Casarecce med gravr\u00f6kt lax och bladspenat <strong>160kr<\/strong><\/p>\n\n\n\n<p>Fl\u00e4skschnitzel med \u00f6rtsm\u00f6r, r\u00f6dvinss\u00e5s, gr\u00f6na \u00e4rtor och rostad potatis <strong>185kr<\/strong><\/p>\n\n\n\n<p>Burgare med ost, r\u00f6kt sidfl\u00e4sk, sallad, l\u00f6k, chilimayo och pommes <strong>195kr<\/strong><\/p>\n\n\n\n<p>Kronisr\u00f6ra med sm\u00f6rstekt levainbr\u00f6d <strong>165kr<\/strong><\/p>\n\n\n\n<p><strong>Ink. sallad, br\u00f6d och kaffe<\/strong><\/p>\n\n\n\n<figure class=\"wp-block-image size-full\"><img decoding=\"async\" width=\"640\" height=\"640\" src=\"https:\/\/www.visbygk.com\/wp-content\/uploads\/2022\/07\/255284910_974995133365161_3032041179528380073_n.jpg\" alt=\"\" class=\"wp-image-9363\" srcset=\"https:\/\/www.visbygk.com\/wp-content\/uploads\/2022\/07\/255284910_974995133365161_3032041179528380073_n.jpg 640w, https:\/\/www.visbygk.com\/wp-content\/uploads\/2022\/07\/255284910_974995133365161_3032041179528380073_n-300x300.jpg 300w, https:\/\/www.visbygk.com\/wp-content\/uploads\/2022\/07\/255284910_974995133365161_3032041179528380073_n-150x150.jpg 150w\" sizes=\"(max-width: 640px) 100vw, 640px\" \/><\/figure>\n","protected":false},"excerpt":{"rendered":"<p>Chili con carne, med smetana, picklad r\u00f6dk\u00e5l och nachochips 145kr Ch\u00e8vre Chaud p\u00e5 salladsb\u00e4dd, med betor och honung 160kr Pasta Casarecce med gravr\u00f6kt lax och bladspenat 160kr Fl\u00e4skschnitzel med \u00f6rtsm\u00f6r,&hellip;<\/p>\n","protected":false},"author":14,"featured_media":0,"comment_status":"closed","ping_status":"open","sticky":false,"template":"","format":"standard","meta":{"_golfpress_post_requires_user":false,"footnotes":""},"categories":[19],"tags":[],"class_list":["post-9362","post","type-post","status-publish","format-standard","hentry","category-aktuell-meny","tw-post-no-content","tw-meta-no-icon"],"featured_image_urls_v2":{"full":"","thumbnail":"","medium":"","medium_large":"","large":"","1536x1536":"","2048x2048":"","post-thumbnail":"","twentytwenty-fullscreen":""},"post_excerpt_stackable_v2":"<p>Chili con carne, med smetana, picklad r\u00f6dk\u00e5l och nachochips 145kr Ch\u00e8vre Chaud p\u00e5 salladsb\u00e4dd, med betor och honung 160kr Pasta Casarecce med gravr\u00f6kt lax och bladspenat 160kr Fl\u00e4skschnitzel med \u00f6rtsm\u00f6r, r\u00f6dvinss\u00e5s, gr\u00f6na \u00e4rtor och rostad potatis 185kr Burgare med ost, r\u00f6kt sidfl\u00e4sk, sallad, l\u00f6k, chilimayo och pommes 195kr Kronisr\u00f6ra med sm\u00f6rstekt levainbr\u00f6d 165kr Ink. sallad, br\u00f6d och kaffe<\/p>\n","category_list_v2":"<a href=\"https:\/\/www.visbygk.com\/sv\/category\/aktuell-meny\/\" rel=\"category tag\">Aktuell Meny<\/a>","author_info_v2":{"name":"restaurangen","url":"https:\/\/www.visbygk.com\/sv\/author\/restaurangen\/"},"comments_num_v2":"0 comments","yoast_head":"<!-- This site is optimized with the Yoast SEO plugin v24.7 - https:\/\/yoast.com\/wordpress\/plugins\/seo\/ -->\n<title>Meny L\u00f6rdag-S\u00f6ndag - Visby GK<\/title>\n<meta name=\"robots\" content=\"index, follow, max-snippet:-1, max-image-preview:large, max-video-preview:-1\" \/>\n<link rel=\"canonical\" href=\"https:\/\/www.visbygk.com\/sv\/aktuell-meny\/meny-lordag-sondag-13\/\" \/>\n<meta property=\"og:locale\" content=\"sv_SE\" \/>\n<meta property=\"og:type\" content=\"article\" \/>\n<meta property=\"og:title\" content=\"Meny L\u00f6rdag-S\u00f6ndag - Visby GK\" \/>\n<meta property=\"og:description\" content=\"Chili con carne, med smetana, picklad r\u00f6dk\u00e5l och nachochips 145kr Ch\u00e8vre Chaud p\u00e5 salladsb\u00e4dd, med betor och honung 160kr Pasta Casarecce med gravr\u00f6kt lax och bladspenat 160kr Fl\u00e4skschnitzel med \u00f6rtsm\u00f6r,&hellip;\" \/>\n<meta property=\"og:url\" content=\"https:\/\/www.visbygk.com\/sv\/aktuell-meny\/meny-lordag-sondag-13\/\" \/>\n<meta property=\"og:site_name\" content=\"Visby GK\" \/>\n<meta property=\"article:published_time\" content=\"2022-07-01T16:00:00+00:00\" \/>\n<meta property=\"og:image\" content=\"https:\/\/www.visbygk.com\/wp-content\/uploads\/2022\/07\/255284910_974995133365161_3032041179528380073_n.jpg\" \/>\n<meta name=\"author\" content=\"restaurangen\" \/>\n<meta name=\"twitter:card\" content=\"summary_large_image\" \/>\n<meta name=\"twitter:label1\" content=\"Written by\" \/>\n\t<meta name=\"twitter:data1\" content=\"restaurangen\" \/>\n\t<meta name=\"twitter:label2\" content=\"Est. reading time\" \/>\n\t<meta name=\"twitter:data2\" content=\"1 minut\" \/>\n<script type=\"application\/ld+json\" class=\"yoast-schema-graph\">{\"@context\":\"https:\/\/schema.org\",\"@graph\":[{\"@type\":\"Article\",\"@id\":\"https:\/\/www.visbygk.com\/sv\/aktuell-meny\/meny-lordag-sondag-13\/#article\",\"isPartOf\":{\"@id\":\"https:\/\/www.visbygk.com\/sv\/aktuell-meny\/meny-lordag-sondag-13\/\"},\"author\":{\"name\":\"restaurangen\",\"@id\":\"https:\/\/www.visbygk.com\/sv\/#\/schema\/person\/21990c83d036109fbe11eb4f264ba9b5\"},\"headline\":\"Meny L\u00f6rdag-S\u00f6ndag\",\"datePublished\":\"2022-07-01T16:00:00+00:00\",\"mainEntityOfPage\":{\"@id\":\"https:\/\/www.visbygk.com\/sv\/aktuell-meny\/meny-lordag-sondag-13\/\"},\"wordCount\":79,\"publisher\":{\"@id\":\"https:\/\/www.visbygk.com\/sv\/#organization\"},\"image\":{\"@id\":\"https:\/\/www.visbygk.com\/sv\/aktuell-meny\/meny-lordag-sondag-13\/#primaryimage\"},\"thumbnailUrl\":\"https:\/\/www.visbygk.com\/wp-content\/uploads\/2022\/07\/255284910_974995133365161_3032041179528380073_n.jpg\",\"articleSection\":[\"Aktuell Meny\"],\"inLanguage\":\"sv-SE\"},{\"@type\":\"WebPage\",\"@id\":\"https:\/\/www.visbygk.com\/sv\/aktuell-meny\/meny-lordag-sondag-13\/\",\"url\":\"https:\/\/www.visbygk.com\/sv\/aktuell-meny\/meny-lordag-sondag-13\/\",\"name\":\"Meny L\u00f6rdag-S\u00f6ndag - Visby GK\",\"isPartOf\":{\"@id\":\"https:\/\/www.visbygk.com\/sv\/#website\"},\"primaryImageOfPage\":{\"@id\":\"https:\/\/www.visbygk.com\/sv\/aktuell-meny\/meny-lordag-sondag-13\/#primaryimage\"},\"image\":{\"@id\":\"https:\/\/www.visbygk.com\/sv\/aktuell-meny\/meny-lordag-sondag-13\/#primaryimage\"},\"thumbnailUrl\":\"https:\/\/www.visbygk.com\/wp-content\/uploads\/2022\/07\/255284910_974995133365161_3032041179528380073_n.jpg\",\"datePublished\":\"2022-07-01T16:00:00+00:00\",\"breadcrumb\":{\"@id\":\"https:\/\/www.visbygk.com\/sv\/aktuell-meny\/meny-lordag-sondag-13\/#breadcrumb\"},\"inLanguage\":\"sv-SE\",\"potentialAction\":[{\"@type\":\"ReadAction\",\"target\":[\"https:\/\/www.visbygk.com\/sv\/aktuell-meny\/meny-lordag-sondag-13\/\"]}]},{\"@type\":\"ImageObject\",\"inLanguage\":\"sv-SE\",\"@id\":\"https:\/\/www.visbygk.com\/sv\/aktuell-meny\/meny-lordag-sondag-13\/#primaryimage\",\"url\":\"https:\/\/www.visbygk.com\/wp-content\/uploads\/2022\/07\/255284910_974995133365161_3032041179528380073_n.jpg\",\"contentUrl\":\"https:\/\/www.visbygk.com\/wp-content\/uploads\/2022\/07\/255284910_974995133365161_3032041179528380073_n.jpg\"},{\"@type\":\"BreadcrumbList\",\"@id\":\"https:\/\/www.visbygk.com\/sv\/aktuell-meny\/meny-lordag-sondag-13\/#breadcrumb\",\"itemListElement\":[{\"@type\":\"ListItem\",\"position\":1,\"name\":\"Home\",\"item\":\"https:\/\/www.visbygk.com\/sv\/\"},{\"@type\":\"ListItem\",\"position\":2,\"name\":\"Meny L\u00f6rdag-S\u00f6ndag\"}]},{\"@type\":\"WebSite\",\"@id\":\"https:\/\/www.visbygk.com\/sv\/#website\",\"url\":\"https:\/\/www.visbygk.com\/sv\/\",\"name\":\"Visby GK\",\"description\":\"Visby GK\",\"publisher\":{\"@id\":\"https:\/\/www.visbygk.com\/sv\/#organization\"},\"potentialAction\":[{\"@type\":\"SearchAction\",\"target\":{\"@type\":\"EntryPoint\",\"urlTemplate\":\"https:\/\/www.visbygk.com\/sv\/?s={search_term_string}\"},\"query-input\":{\"@type\":\"PropertyValueSpecification\",\"valueRequired\":true,\"valueName\":\"search_term_string\"}}],\"inLanguage\":\"sv-SE\"},{\"@type\":\"Organization\",\"@id\":\"https:\/\/www.visbygk.com\/sv\/#organization\",\"name\":\"Visby GK\",\"url\":\"https:\/\/www.visbygk.com\/sv\/\",\"logo\":{\"@type\":\"ImageObject\",\"inLanguage\":\"sv-SE\",\"@id\":\"https:\/\/www.visbygk.com\/sv\/#\/schema\/logo\/image\/\",\"url\":\"https:\/\/www.visbygk.com\/wp-content\/uploads\/2021\/01\/visbygk-svart-1.png\",\"contentUrl\":\"https:\/\/www.visbygk.com\/wp-content\/uploads\/2021\/01\/visbygk-svart-1.png\",\"width\":800,\"height\":800,\"caption\":\"Visby GK\"},\"image\":{\"@id\":\"https:\/\/www.visbygk.com\/sv\/#\/schema\/logo\/image\/\"}},{\"@type\":\"Person\",\"@id\":\"https:\/\/www.visbygk.com\/sv\/#\/schema\/person\/21990c83d036109fbe11eb4f264ba9b5\",\"name\":\"restaurangen\",\"image\":{\"@type\":\"ImageObject\",\"inLanguage\":\"sv-SE\",\"@id\":\"https:\/\/www.visbygk.com\/sv\/#\/schema\/person\/image\/\",\"url\":\"https:\/\/secure.gravatar.com\/avatar\/2a385e141565d2e493d195efa2d9290b?s=96&d=mm&r=g\",\"contentUrl\":\"https:\/\/secure.gravatar.com\/avatar\/2a385e141565d2e493d195efa2d9290b?s=96&d=mm&r=g\",\"caption\":\"restaurangen\"},\"url\":\"https:\/\/www.visbygk.com\/sv\/author\/restaurangen\/\"}]}<\/script>\n<!-- \/ Yoast SEO plugin. -->","yoast_head_json":{"title":"Meny L\u00f6rdag-S\u00f6ndag - Visby GK","robots":{"index":"index","follow":"follow","max-snippet":"max-snippet:-1","max-image-preview":"max-image-preview:large","max-video-preview":"max-video-preview:-1"},"canonical":"https:\/\/www.visbygk.com\/sv\/aktuell-meny\/meny-lordag-sondag-13\/","og_locale":"sv_SE","og_type":"article","og_title":"Meny L\u00f6rdag-S\u00f6ndag - Visby GK","og_description":"Chili con carne, med smetana, picklad r\u00f6dk\u00e5l och nachochips 145kr Ch\u00e8vre Chaud p\u00e5 salladsb\u00e4dd, med betor och honung 160kr Pasta Casarecce med gravr\u00f6kt lax och bladspenat 160kr Fl\u00e4skschnitzel med \u00f6rtsm\u00f6r,&hellip;","og_url":"https:\/\/www.visbygk.com\/sv\/aktuell-meny\/meny-lordag-sondag-13\/","og_site_name":"Visby GK","article_published_time":"2022-07-01T16:00:00+00:00","og_image":[{"url":"https:\/\/www.visbygk.com\/wp-content\/uploads\/2022\/07\/255284910_974995133365161_3032041179528380073_n.jpg","type":"","width":"","height":""}],"author":"restaurangen","twitter_card":"summary_large_image","twitter_misc":{"Written by":"restaurangen","Est. reading time":"1 minut"},"schema":{"@context":"https:\/\/schema.org","@graph":[{"@type":"Article","@id":"https:\/\/www.visbygk.com\/sv\/aktuell-meny\/meny-lordag-sondag-13\/#article","isPartOf":{"@id":"https:\/\/www.visbygk.com\/sv\/aktuell-meny\/meny-lordag-sondag-13\/"},"author":{"name":"restaurangen","@id":"https:\/\/www.visbygk.com\/sv\/#\/schema\/person\/21990c83d036109fbe11eb4f264ba9b5"},"headline":"Meny L\u00f6rdag-S\u00f6ndag","datePublished":"2022-07-01T16:00:00+00:00","mainEntityOfPage":{"@id":"https:\/\/www.visbygk.com\/sv\/aktuell-meny\/meny-lordag-sondag-13\/"},"wordCount":79,"publisher":{"@id":"https:\/\/www.visbygk.com\/sv\/#organization"},"image":{"@id":"https:\/\/www.visbygk.com\/sv\/aktuell-meny\/meny-lordag-sondag-13\/#primaryimage"},"thumbnailUrl":"https:\/\/www.visbygk.com\/wp-content\/uploads\/2022\/07\/255284910_974995133365161_3032041179528380073_n.jpg","articleSection":["Aktuell Meny"],"inLanguage":"sv-SE"},{"@type":"WebPage","@id":"https:\/\/www.visbygk.com\/sv\/aktuell-meny\/meny-lordag-sondag-13\/","url":"https:\/\/www.visbygk.com\/sv\/aktuell-meny\/meny-lordag-sondag-13\/","name":"Meny L\u00f6rdag-S\u00f6ndag - Visby GK","isPartOf":{"@id":"https:\/\/www.visbygk.com\/sv\/#website"},"primaryImageOfPage":{"@id":"https:\/\/www.visbygk.com\/sv\/aktuell-meny\/meny-lordag-sondag-13\/#primaryimage"},"image":{"@id":"https:\/\/www.visbygk.com\/sv\/aktuell-meny\/meny-lordag-sondag-13\/#primaryimage"},"thumbnailUrl":"https:\/\/www.visbygk.com\/wp-content\/uploads\/2022\/07\/255284910_974995133365161_3032041179528380073_n.jpg","datePublished":"2022-07-01T16:00:00+00:00","breadcrumb":{"@id":"https:\/\/www.visbygk.com\/sv\/aktuell-meny\/meny-lordag-sondag-13\/#breadcrumb"},"inLanguage":"sv-SE","potentialAction":[{"@type":"ReadAction","target":["https:\/\/www.visbygk.com\/sv\/aktuell-meny\/meny-lordag-sondag-13\/"]}]},{"@type":"ImageObject","inLanguage":"sv-SE","@id":"https:\/\/www.visbygk.com\/sv\/aktuell-meny\/meny-lordag-sondag-13\/#primaryimage","url":"https:\/\/www.visbygk.com\/wp-content\/uploads\/2022\/07\/255284910_974995133365161_3032041179528380073_n.jpg","contentUrl":"https:\/\/www.visbygk.com\/wp-content\/uploads\/2022\/07\/255284910_974995133365161_3032041179528380073_n.jpg"},{"@type":"BreadcrumbList","@id":"https:\/\/www.visbygk.com\/sv\/aktuell-meny\/meny-lordag-sondag-13\/#breadcrumb","itemListElement":[{"@type":"ListItem","position":1,"name":"Home","item":"https:\/\/www.visbygk.com\/sv\/"},{"@type":"ListItem","position":2,"name":"Meny L\u00f6rdag-S\u00f6ndag"}]},{"@type":"WebSite","@id":"https:\/\/www.visbygk.com\/sv\/#website","url":"https:\/\/www.visbygk.com\/sv\/","name":"Visby GK","description":"Visby GK","publisher":{"@id":"https:\/\/www.visbygk.com\/sv\/#organization"},"potentialAction":[{"@type":"SearchAction","target":{"@type":"EntryPoint","urlTemplate":"https:\/\/www.visbygk.com\/sv\/?s={search_term_string}"},"query-input":{"@type":"PropertyValueSpecification","valueRequired":true,"valueName":"search_term_string"}}],"inLanguage":"sv-SE"},{"@type":"Organization","@id":"https:\/\/www.visbygk.com\/sv\/#organization","name":"Visby GK","url":"https:\/\/www.visbygk.com\/sv\/","logo":{"@type":"ImageObject","inLanguage":"sv-SE","@id":"https:\/\/www.visbygk.com\/sv\/#\/schema\/logo\/image\/","url":"https:\/\/www.visbygk.com\/wp-content\/uploads\/2021\/01\/visbygk-svart-1.png","contentUrl":"https:\/\/www.visbygk.com\/wp-content\/uploads\/2021\/01\/visbygk-svart-1.png","width":800,"height":800,"caption":"Visby GK"},"image":{"@id":"https:\/\/www.visbygk.com\/sv\/#\/schema\/logo\/image\/"}},{"@type":"Person","@id":"https:\/\/www.visbygk.com\/sv\/#\/schema\/person\/21990c83d036109fbe11eb4f264ba9b5","name":"restaurangen","image":{"@type":"ImageObject","inLanguage":"sv-SE","@id":"https:\/\/www.visbygk.com\/sv\/#\/schema\/person\/image\/","url":"https:\/\/secure.gravatar.com\/avatar\/2a385e141565d2e493d195efa2d9290b?s=96&d=mm&r=g","contentUrl":"https:\/\/secure.gravatar.com\/avatar\/2a385e141565d2e493d195efa2d9290b?s=96&d=mm&r=g","caption":"restaurangen"},"url":"https:\/\/www.visbygk.com\/sv\/author\/restaurangen\/"}]}},"_links":{"self":[{"href":"https:\/\/www.visbygk.com\/sv\/wp-json\/wp\/v2\/posts\/9362","targetHints":{"allow":["GET"]}}],"collection":[{"href":"https:\/\/www.visbygk.com\/sv\/wp-json\/wp\/v2\/posts"}],"about":[{"href":"https:\/\/www.visbygk.com\/sv\/wp-json\/wp\/v2\/types\/post"}],"author":[{"embeddable":true,"href":"https:\/\/www.visbygk.com\/sv\/wp-json\/wp\/v2\/users\/14"}],"replies":[{"embeddable":true,"href":"https:\/\/www.visbygk.com\/sv\/wp-json\/wp\/v2\/comments?post=9362"}],"version-history":[{"count":1,"href":"https:\/\/www.visbygk.com\/sv\/wp-json\/wp\/v2\/posts\/9362\/revisions"}],"predecessor-version":[{"id":9365,"href":"https:\/\/www.visbygk.com\/sv\/wp-json\/wp\/v2\/posts\/9362\/revisions\/9365"}],"wp:attachment":[{"href":"https:\/\/www.visbygk.com\/sv\/wp-json\/wp\/v2\/media?parent=9362"}],"wp:term":[{"taxonomy":"category","embeddable":true,"href":"https:\/\/www.visbygk.com\/sv\/wp-json\/wp\/v2\/categories?post=9362"},{"taxonomy":"post_tag","embeddable":true,"href":"https:\/\/www.visbygk.com\/sv\/wp-json\/wp\/v2\/tags?post=9362"}],"curies":[{"name":"wp","href":"https:\/\/api.w.org\/{rel}","templated":true}]}}