{"id":9302,"date":"2022-06-26T17:00:00","date_gmt":"2022-06-26T15:00:00","guid":{"rendered":"https:\/\/www.visbygk.com\/?p=9302"},"modified":"2022-06-26T12:49:25","modified_gmt":"2022-06-26T10:49:25","slug":"meny-vecka-26-%f0%9f%98%8a","status":"publish","type":"post","link":"https:\/\/www.visbygk.com\/sv\/aktuell-meny\/meny-vecka-26-%f0%9f%98%8a\/","title":{"rendered":"Meny Vecka 26 \ud83d\ude0a"},"content":{"rendered":"\n<h2 class=\"gb-headline gb-headline-ee8fa57a gb-headline-text\">Dagens lunch <strong>120kr<\/strong><\/h2>\n\n\n\n<p class=\"has-text-align-center\"><strong>M\u00e5ndag<\/strong>: Pankofriterad kyckling med rostad potatis och BBQ mayo<\/p>\n\n\n\n<p class=\"has-text-align-center\"><strong>Tisdag<\/strong>: Pocherad torsk med \u00e4ggs\u00e5s och kokt f\u00e4rskpotatis<\/p>\n\n\n\n<p class=\"has-text-align-center\"><strong>Onsdag<\/strong>: H\u00f6grevschili med picklad r\u00f6dk\u00e5l, smetana och nachochips<\/p>\n\n\n\n<p class=\"has-text-align-center\"><strong>Torsdag<\/strong>: Lammkorv med parmesan, serveras med potatissallad, rostad l\u00f6k och gotl\u00e4ndsk senap<\/p>\n\n\n\n<p class=\"has-text-align-center\"><strong>Fredag<\/strong>: K\u00f6ttbullar med potatispur\u00e9, gr\u00e4dds\u00e5s, lingon och inlagd gurka<\/p>\n\n\n\n<h2 class=\"gb-headline gb-headline-792a3c77 gb-headline-text\">Veckans Veg <strong>125kr<\/strong><\/h2>\n\n\n\n<p class=\"has-text-align-center\">Sojaf\u00e4rsbiffar med gotl\u00e4ndska linser, tomat och spenatsallad och yoghurtdressing<\/p>\n\n\n\n<h6 class=\"gb-headline gb-headline-4b256a7a gb-headline-text\"><strong>Ink. sallad, br\u00f6d och kaffe<\/strong><\/h6>\n\n\n\n<figure class=\"wp-block-gallery has-nested-images columns-default is-cropped is-style-tw-img-frame wp-block-gallery-1 is-layout-flex wp-block-gallery-is-layout-flex\">\n<figure class=\"wp-block-image size-large\"><img decoding=\"async\" width=\"819\" height=\"1024\" data-id=\"9303\" src=\"https:\/\/www.visbygk.com\/wp-content\/uploads\/2022\/06\/289994125_743880113318975_3832532848092803667_n-819x1024.jpg\" alt=\"\" class=\"wp-image-9303\" srcset=\"https:\/\/www.visbygk.com\/wp-content\/uploads\/2022\/06\/289994125_743880113318975_3832532848092803667_n-819x1024.jpg 819w, https:\/\/www.visbygk.com\/wp-content\/uploads\/2022\/06\/289994125_743880113318975_3832532848092803667_n-240x300.jpg 240w, https:\/\/www.visbygk.com\/wp-content\/uploads\/2022\/06\/289994125_743880113318975_3832532848092803667_n-768x960.jpg 768w, https:\/\/www.visbygk.com\/wp-content\/uploads\/2022\/06\/289994125_743880113318975_3832532848092803667_n-1229x1536.jpg 1229w, https:\/\/www.visbygk.com\/wp-content\/uploads\/2022\/06\/289994125_743880113318975_3832532848092803667_n-1200x1500.jpg 1200w, https:\/\/www.visbygk.com\/wp-content\/uploads\/2022\/06\/289994125_743880113318975_3832532848092803667_n.jpg 1440w\" sizes=\"(max-width: 819px) 100vw, 819px\" \/><\/figure>\n<\/figure>\n","protected":false},"excerpt":{"rendered":"<p>Dagens lunch 120kr M\u00e5ndag: Pankofriterad kyckling med rostad potatis och BBQ mayo Tisdag: Pocherad torsk med \u00e4ggs\u00e5s och kokt f\u00e4rskpotatis Onsdag: H\u00f6grevschili med picklad r\u00f6dk\u00e5l, smetana och nachochips Torsdag: Lammkorv&hellip;<\/p>\n","protected":false},"author":14,"featured_media":0,"comment_status":"closed","ping_status":"open","sticky":false,"template":"","format":"standard","meta":{"_golfpress_post_requires_user":false,"footnotes":""},"categories":[19],"tags":[],"class_list":["post-9302","post","type-post","status-publish","format-standard","hentry","category-aktuell-meny","tw-post-no-content","tw-meta-no-icon"],"featured_image_urls_v2":{"full":"","thumbnail":"","medium":"","medium_large":"","large":"","1536x1536":"","2048x2048":"","post-thumbnail":"","twentytwenty-fullscreen":""},"post_excerpt_stackable_v2":"<p>Dagens lunch 120kr M\u00e5ndag: Pankofriterad kyckling med rostad potatis och BBQ mayo Tisdag: Pocherad torsk med \u00e4ggs\u00e5s och kokt f\u00e4rskpotatis Onsdag: H\u00f6grevschili med picklad r\u00f6dk\u00e5l, smetana och nachochips Torsdag: Lammkorv med parmesan, serveras med potatissallad, rostad l\u00f6k och gotl\u00e4ndsk senap Fredag: K\u00f6ttbullar med potatispur\u00e9, gr\u00e4dds\u00e5s, lingon och inlagd gurka Veckans Veg 125kr Sojaf\u00e4rsbiffar med gotl\u00e4ndska linser, tomat och spenatsallad och yoghurtdressing Ink. sallad, br\u00f6d och kaffe<\/p>\n","category_list_v2":"<a href=\"https:\/\/www.visbygk.com\/sv\/category\/aktuell-meny\/\" rel=\"category tag\">Aktuell Meny<\/a>","author_info_v2":{"name":"restaurangen","url":"https:\/\/www.visbygk.com\/sv\/author\/restaurangen\/"},"comments_num_v2":"0 comments","yoast_head":"<!-- This site is optimized with the Yoast SEO plugin v24.7 - https:\/\/yoast.com\/wordpress\/plugins\/seo\/ -->\n<title>Meny Vecka 26 \ud83d\ude0a - Visby GK<\/title>\n<meta name=\"robots\" content=\"index, follow, max-snippet:-1, max-image-preview:large, max-video-preview:-1\" \/>\n<link rel=\"canonical\" href=\"https:\/\/www.visbygk.com\/sv\/aktuell-meny\/meny-vecka-26-%f0%9f%98%8a\/\" \/>\n<meta property=\"og:locale\" content=\"sv_SE\" \/>\n<meta property=\"og:type\" content=\"article\" \/>\n<meta property=\"og:title\" content=\"Meny Vecka 26 \ud83d\ude0a - Visby GK\" \/>\n<meta property=\"og:description\" content=\"Dagens lunch 120kr M\u00e5ndag: Pankofriterad kyckling med rostad potatis och BBQ mayo Tisdag: Pocherad torsk med \u00e4ggs\u00e5s och kokt f\u00e4rskpotatis Onsdag: H\u00f6grevschili med picklad r\u00f6dk\u00e5l, smetana och nachochips Torsdag: Lammkorv&hellip;\" \/>\n<meta property=\"og:url\" content=\"https:\/\/www.visbygk.com\/sv\/aktuell-meny\/meny-vecka-26-%f0%9f%98%8a\/\" \/>\n<meta property=\"og:site_name\" content=\"Visby GK\" \/>\n<meta property=\"article:published_time\" content=\"2022-06-26T15:00:00+00:00\" \/>\n<meta property=\"og:image\" content=\"https:\/\/www.visbygk.com\/wp-content\/uploads\/2022\/06\/289994125_743880113318975_3832532848092803667_n-819x1024.jpg\" \/>\n<meta name=\"author\" content=\"restaurangen\" \/>\n<meta name=\"twitter:card\" content=\"summary_large_image\" \/>\n<meta name=\"twitter:label1\" content=\"Written by\" \/>\n\t<meta name=\"twitter:data1\" content=\"restaurangen\" \/>\n\t<meta name=\"twitter:label2\" content=\"Est. reading time\" \/>\n\t<meta name=\"twitter:data2\" content=\"1 minut\" \/>\n<script type=\"application\/ld+json\" class=\"yoast-schema-graph\">{\"@context\":\"https:\/\/schema.org\",\"@graph\":[{\"@type\":\"Article\",\"@id\":\"https:\/\/www.visbygk.com\/sv\/aktuell-meny\/meny-vecka-26-%f0%9f%98%8a\/#article\",\"isPartOf\":{\"@id\":\"https:\/\/www.visbygk.com\/sv\/aktuell-meny\/meny-vecka-26-%f0%9f%98%8a\/\"},\"author\":{\"name\":\"restaurangen\",\"@id\":\"https:\/\/www.visbygk.com\/sv\/#\/schema\/person\/21990c83d036109fbe11eb4f264ba9b5\"},\"headline\":\"Meny Vecka 26 \ud83d\ude0a\",\"datePublished\":\"2022-06-26T15:00:00+00:00\",\"mainEntityOfPage\":{\"@id\":\"https:\/\/www.visbygk.com\/sv\/aktuell-meny\/meny-vecka-26-%f0%9f%98%8a\/\"},\"wordCount\":82,\"publisher\":{\"@id\":\"https:\/\/www.visbygk.com\/sv\/#organization\"},\"image\":{\"@id\":\"https:\/\/www.visbygk.com\/sv\/aktuell-meny\/meny-vecka-26-%f0%9f%98%8a\/#primaryimage\"},\"thumbnailUrl\":\"https:\/\/www.visbygk.com\/wp-content\/uploads\/2022\/06\/289994125_743880113318975_3832532848092803667_n-819x1024.jpg\",\"articleSection\":[\"Aktuell Meny\"],\"inLanguage\":\"sv-SE\"},{\"@type\":\"WebPage\",\"@id\":\"https:\/\/www.visbygk.com\/sv\/aktuell-meny\/meny-vecka-26-%f0%9f%98%8a\/\",\"url\":\"https:\/\/www.visbygk.com\/sv\/aktuell-meny\/meny-vecka-26-%f0%9f%98%8a\/\",\"name\":\"Meny Vecka 26 \ud83d\ude0a - Visby GK\",\"isPartOf\":{\"@id\":\"https:\/\/www.visbygk.com\/sv\/#website\"},\"primaryImageOfPage\":{\"@id\":\"https:\/\/www.visbygk.com\/sv\/aktuell-meny\/meny-vecka-26-%f0%9f%98%8a\/#primaryimage\"},\"image\":{\"@id\":\"https:\/\/www.visbygk.com\/sv\/aktuell-meny\/meny-vecka-26-%f0%9f%98%8a\/#primaryimage\"},\"thumbnailUrl\":\"https:\/\/www.visbygk.com\/wp-content\/uploads\/2022\/06\/289994125_743880113318975_3832532848092803667_n-819x1024.jpg\",\"datePublished\":\"2022-06-26T15:00:00+00:00\",\"breadcrumb\":{\"@id\":\"https:\/\/www.visbygk.com\/sv\/aktuell-meny\/meny-vecka-26-%f0%9f%98%8a\/#breadcrumb\"},\"inLanguage\":\"sv-SE\",\"potentialAction\":[{\"@type\":\"ReadAction\",\"target\":[\"https:\/\/www.visbygk.com\/sv\/aktuell-meny\/meny-vecka-26-%f0%9f%98%8a\/\"]}]},{\"@type\":\"ImageObject\",\"inLanguage\":\"sv-SE\",\"@id\":\"https:\/\/www.visbygk.com\/sv\/aktuell-meny\/meny-vecka-26-%f0%9f%98%8a\/#primaryimage\",\"url\":\"https:\/\/www.visbygk.com\/wp-content\/uploads\/2022\/06\/289994125_743880113318975_3832532848092803667_n-819x1024.jpg\",\"contentUrl\":\"https:\/\/www.visbygk.com\/wp-content\/uploads\/2022\/06\/289994125_743880113318975_3832532848092803667_n-819x1024.jpg\"},{\"@type\":\"BreadcrumbList\",\"@id\":\"https:\/\/www.visbygk.com\/sv\/aktuell-meny\/meny-vecka-26-%f0%9f%98%8a\/#breadcrumb\",\"itemListElement\":[{\"@type\":\"ListItem\",\"position\":1,\"name\":\"Home\",\"item\":\"https:\/\/www.visbygk.com\/sv\/\"},{\"@type\":\"ListItem\",\"position\":2,\"name\":\"Meny Vecka 26 \ud83d\ude0a\"}]},{\"@type\":\"WebSite\",\"@id\":\"https:\/\/www.visbygk.com\/sv\/#website\",\"url\":\"https:\/\/www.visbygk.com\/sv\/\",\"name\":\"Visby GK\",\"description\":\"Visby GK\",\"publisher\":{\"@id\":\"https:\/\/www.visbygk.com\/sv\/#organization\"},\"potentialAction\":[{\"@type\":\"SearchAction\",\"target\":{\"@type\":\"EntryPoint\",\"urlTemplate\":\"https:\/\/www.visbygk.com\/sv\/?s={search_term_string}\"},\"query-input\":{\"@type\":\"PropertyValueSpecification\",\"valueRequired\":true,\"valueName\":\"search_term_string\"}}],\"inLanguage\":\"sv-SE\"},{\"@type\":\"Organization\",\"@id\":\"https:\/\/www.visbygk.com\/sv\/#organization\",\"name\":\"Visby GK\",\"url\":\"https:\/\/www.visbygk.com\/sv\/\",\"logo\":{\"@type\":\"ImageObject\",\"inLanguage\":\"sv-SE\",\"@id\":\"https:\/\/www.visbygk.com\/sv\/#\/schema\/logo\/image\/\",\"url\":\"https:\/\/www.visbygk.com\/wp-content\/uploads\/2021\/01\/visbygk-svart-1.png\",\"contentUrl\":\"https:\/\/www.visbygk.com\/wp-content\/uploads\/2021\/01\/visbygk-svart-1.png\",\"width\":800,\"height\":800,\"caption\":\"Visby GK\"},\"image\":{\"@id\":\"https:\/\/www.visbygk.com\/sv\/#\/schema\/logo\/image\/\"}},{\"@type\":\"Person\",\"@id\":\"https:\/\/www.visbygk.com\/sv\/#\/schema\/person\/21990c83d036109fbe11eb4f264ba9b5\",\"name\":\"restaurangen\",\"image\":{\"@type\":\"ImageObject\",\"inLanguage\":\"sv-SE\",\"@id\":\"https:\/\/www.visbygk.com\/sv\/#\/schema\/person\/image\/\",\"url\":\"https:\/\/secure.gravatar.com\/avatar\/2a385e141565d2e493d195efa2d9290b?s=96&d=mm&r=g\",\"contentUrl\":\"https:\/\/secure.gravatar.com\/avatar\/2a385e141565d2e493d195efa2d9290b?s=96&d=mm&r=g\",\"caption\":\"restaurangen\"},\"url\":\"https:\/\/www.visbygk.com\/sv\/author\/restaurangen\/\"}]}<\/script>\n<!-- \/ Yoast SEO plugin. -->","yoast_head_json":{"title":"Meny Vecka 26 \ud83d\ude0a - Visby GK","robots":{"index":"index","follow":"follow","max-snippet":"max-snippet:-1","max-image-preview":"max-image-preview:large","max-video-preview":"max-video-preview:-1"},"canonical":"https:\/\/www.visbygk.com\/sv\/aktuell-meny\/meny-vecka-26-%f0%9f%98%8a\/","og_locale":"sv_SE","og_type":"article","og_title":"Meny Vecka 26 \ud83d\ude0a - Visby GK","og_description":"Dagens lunch 120kr M\u00e5ndag: Pankofriterad kyckling med rostad potatis och BBQ mayo Tisdag: Pocherad torsk med \u00e4ggs\u00e5s och kokt f\u00e4rskpotatis Onsdag: H\u00f6grevschili med picklad r\u00f6dk\u00e5l, smetana och nachochips Torsdag: Lammkorv&hellip;","og_url":"https:\/\/www.visbygk.com\/sv\/aktuell-meny\/meny-vecka-26-%f0%9f%98%8a\/","og_site_name":"Visby GK","article_published_time":"2022-06-26T15:00:00+00:00","og_image":[{"url":"https:\/\/www.visbygk.com\/wp-content\/uploads\/2022\/06\/289994125_743880113318975_3832532848092803667_n-819x1024.jpg","type":"","width":"","height":""}],"author":"restaurangen","twitter_card":"summary_large_image","twitter_misc":{"Written by":"restaurangen","Est. reading time":"1 minut"},"schema":{"@context":"https:\/\/schema.org","@graph":[{"@type":"Article","@id":"https:\/\/www.visbygk.com\/sv\/aktuell-meny\/meny-vecka-26-%f0%9f%98%8a\/#article","isPartOf":{"@id":"https:\/\/www.visbygk.com\/sv\/aktuell-meny\/meny-vecka-26-%f0%9f%98%8a\/"},"author":{"name":"restaurangen","@id":"https:\/\/www.visbygk.com\/sv\/#\/schema\/person\/21990c83d036109fbe11eb4f264ba9b5"},"headline":"Meny Vecka 26 \ud83d\ude0a","datePublished":"2022-06-26T15:00:00+00:00","mainEntityOfPage":{"@id":"https:\/\/www.visbygk.com\/sv\/aktuell-meny\/meny-vecka-26-%f0%9f%98%8a\/"},"wordCount":82,"publisher":{"@id":"https:\/\/www.visbygk.com\/sv\/#organization"},"image":{"@id":"https:\/\/www.visbygk.com\/sv\/aktuell-meny\/meny-vecka-26-%f0%9f%98%8a\/#primaryimage"},"thumbnailUrl":"https:\/\/www.visbygk.com\/wp-content\/uploads\/2022\/06\/289994125_743880113318975_3832532848092803667_n-819x1024.jpg","articleSection":["Aktuell Meny"],"inLanguage":"sv-SE"},{"@type":"WebPage","@id":"https:\/\/www.visbygk.com\/sv\/aktuell-meny\/meny-vecka-26-%f0%9f%98%8a\/","url":"https:\/\/www.visbygk.com\/sv\/aktuell-meny\/meny-vecka-26-%f0%9f%98%8a\/","name":"Meny Vecka 26 \ud83d\ude0a - Visby GK","isPartOf":{"@id":"https:\/\/www.visbygk.com\/sv\/#website"},"primaryImageOfPage":{"@id":"https:\/\/www.visbygk.com\/sv\/aktuell-meny\/meny-vecka-26-%f0%9f%98%8a\/#primaryimage"},"image":{"@id":"https:\/\/www.visbygk.com\/sv\/aktuell-meny\/meny-vecka-26-%f0%9f%98%8a\/#primaryimage"},"thumbnailUrl":"https:\/\/www.visbygk.com\/wp-content\/uploads\/2022\/06\/289994125_743880113318975_3832532848092803667_n-819x1024.jpg","datePublished":"2022-06-26T15:00:00+00:00","breadcrumb":{"@id":"https:\/\/www.visbygk.com\/sv\/aktuell-meny\/meny-vecka-26-%f0%9f%98%8a\/#breadcrumb"},"inLanguage":"sv-SE","potentialAction":[{"@type":"ReadAction","target":["https:\/\/www.visbygk.com\/sv\/aktuell-meny\/meny-vecka-26-%f0%9f%98%8a\/"]}]},{"@type":"ImageObject","inLanguage":"sv-SE","@id":"https:\/\/www.visbygk.com\/sv\/aktuell-meny\/meny-vecka-26-%f0%9f%98%8a\/#primaryimage","url":"https:\/\/www.visbygk.com\/wp-content\/uploads\/2022\/06\/289994125_743880113318975_3832532848092803667_n-819x1024.jpg","contentUrl":"https:\/\/www.visbygk.com\/wp-content\/uploads\/2022\/06\/289994125_743880113318975_3832532848092803667_n-819x1024.jpg"},{"@type":"BreadcrumbList","@id":"https:\/\/www.visbygk.com\/sv\/aktuell-meny\/meny-vecka-26-%f0%9f%98%8a\/#breadcrumb","itemListElement":[{"@type":"ListItem","position":1,"name":"Home","item":"https:\/\/www.visbygk.com\/sv\/"},{"@type":"ListItem","position":2,"name":"Meny Vecka 26 \ud83d\ude0a"}]},{"@type":"WebSite","@id":"https:\/\/www.visbygk.com\/sv\/#website","url":"https:\/\/www.visbygk.com\/sv\/","name":"Visby GK","description":"Visby GK","publisher":{"@id":"https:\/\/www.visbygk.com\/sv\/#organization"},"potentialAction":[{"@type":"SearchAction","target":{"@type":"EntryPoint","urlTemplate":"https:\/\/www.visbygk.com\/sv\/?s={search_term_string}"},"query-input":{"@type":"PropertyValueSpecification","valueRequired":true,"valueName":"search_term_string"}}],"inLanguage":"sv-SE"},{"@type":"Organization","@id":"https:\/\/www.visbygk.com\/sv\/#organization","name":"Visby GK","url":"https:\/\/www.visbygk.com\/sv\/","logo":{"@type":"ImageObject","inLanguage":"sv-SE","@id":"https:\/\/www.visbygk.com\/sv\/#\/schema\/logo\/image\/","url":"https:\/\/www.visbygk.com\/wp-content\/uploads\/2021\/01\/visbygk-svart-1.png","contentUrl":"https:\/\/www.visbygk.com\/wp-content\/uploads\/2021\/01\/visbygk-svart-1.png","width":800,"height":800,"caption":"Visby GK"},"image":{"@id":"https:\/\/www.visbygk.com\/sv\/#\/schema\/logo\/image\/"}},{"@type":"Person","@id":"https:\/\/www.visbygk.com\/sv\/#\/schema\/person\/21990c83d036109fbe11eb4f264ba9b5","name":"restaurangen","image":{"@type":"ImageObject","inLanguage":"sv-SE","@id":"https:\/\/www.visbygk.com\/sv\/#\/schema\/person\/image\/","url":"https:\/\/secure.gravatar.com\/avatar\/2a385e141565d2e493d195efa2d9290b?s=96&d=mm&r=g","contentUrl":"https:\/\/secure.gravatar.com\/avatar\/2a385e141565d2e493d195efa2d9290b?s=96&d=mm&r=g","caption":"restaurangen"},"url":"https:\/\/www.visbygk.com\/sv\/author\/restaurangen\/"}]}},"_links":{"self":[{"href":"https:\/\/www.visbygk.com\/sv\/wp-json\/wp\/v2\/posts\/9302","targetHints":{"allow":["GET"]}}],"collection":[{"href":"https:\/\/www.visbygk.com\/sv\/wp-json\/wp\/v2\/posts"}],"about":[{"href":"https:\/\/www.visbygk.com\/sv\/wp-json\/wp\/v2\/types\/post"}],"author":[{"embeddable":true,"href":"https:\/\/www.visbygk.com\/sv\/wp-json\/wp\/v2\/users\/14"}],"replies":[{"embeddable":true,"href":"https:\/\/www.visbygk.com\/sv\/wp-json\/wp\/v2\/comments?post=9302"}],"version-history":[{"count":1,"href":"https:\/\/www.visbygk.com\/sv\/wp-json\/wp\/v2\/posts\/9302\/revisions"}],"predecessor-version":[{"id":9305,"href":"https:\/\/www.visbygk.com\/sv\/wp-json\/wp\/v2\/posts\/9302\/revisions\/9305"}],"wp:attachment":[{"href":"https:\/\/www.visbygk.com\/sv\/wp-json\/wp\/v2\/media?parent=9302"}],"wp:term":[{"taxonomy":"category","embeddable":true,"href":"https:\/\/www.visbygk.com\/sv\/wp-json\/wp\/v2\/categories?post=9302"},{"taxonomy":"post_tag","embeddable":true,"href":"https:\/\/www.visbygk.com\/sv\/wp-json\/wp\/v2\/tags?post=9302"}],"curies":[{"name":"wp","href":"https:\/\/api.w.org\/{rel}","templated":true}]}}