{"id":12635,"date":"2024-02-15T15:06:02","date_gmt":"2024-02-15T14:06:02","guid":{"rendered":"https:\/\/www.visbygk.com\/?p=12635"},"modified":"2024-02-15T15:07:25","modified_gmt":"2024-02-15T14:07:25","slug":"banan-sjalen-solen-gladjen","status":"publish","type":"post","link":"https:\/\/www.visbygk.com\/sv\/nyheter\/banan-sjalen-solen-gladjen\/","title":{"rendered":"Banan. Sj\u00e4len. Solen. Gl\u00e4djen."},"content":{"rendered":"\n<figure class=\"wp-block-image size-large\"><img decoding=\"async\" width=\"1024\" height=\"576\" src=\"https:\/\/www.visbygk.com\/wp-content\/uploads\/2024\/02\/520_Visby_GC_JacobSjoman_V1_16x9-large-2-1024x576.jpg\" alt=\"\" class=\"wp-image-12636\" srcset=\"https:\/\/www.visbygk.com\/wp-content\/uploads\/2024\/02\/520_Visby_GC_JacobSjoman_V1_16x9-large-2-1024x576.jpg 1024w, https:\/\/www.visbygk.com\/wp-content\/uploads\/2024\/02\/520_Visby_GC_JacobSjoman_V1_16x9-large-2-300x169.jpg 300w, https:\/\/www.visbygk.com\/wp-content\/uploads\/2024\/02\/520_Visby_GC_JacobSjoman_V1_16x9-large-2-768x432.jpg 768w, https:\/\/www.visbygk.com\/wp-content\/uploads\/2024\/02\/520_Visby_GC_JacobSjoman_V1_16x9-large-2-1536x864.jpg 1536w, https:\/\/www.visbygk.com\/wp-content\/uploads\/2024\/02\/520_Visby_GC_JacobSjoman_V1_16x9-large-2-1200x675.jpg 1200w, https:\/\/www.visbygk.com\/wp-content\/uploads\/2024\/02\/520_Visby_GC_JacobSjoman_V1_16x9-large-2.jpg 1666w\" sizes=\"(max-width: 1024px) 100vw, 1024px\" \/><\/figure>\n\n\n\n<p>Snart \u00f6ppnar vi banorna \u2013 bokningen \u00f6ppnar idag.&nbsp;<br>Den ljusnande framtid \u00e4r v\u00e5r inom kort.<\/p>\n\n\n\n<h2 class=\"wp-block-heading\">Kurs och tr\u00e4ningsprogram  <\/h2>\n\n\n\n<figure class=\"wp-block-image size-large\"><img decoding=\"async\" width=\"1024\" height=\"683\" src=\"https:\/\/www.visbygk.com\/wp-content\/uploads\/2024\/02\/DSC01344-kopiera-large-1024x683.jpg\" alt=\"\" class=\"wp-image-12638\" srcset=\"https:\/\/www.visbygk.com\/wp-content\/uploads\/2024\/02\/DSC01344-kopiera-large-1024x683.jpg 1024w, https:\/\/www.visbygk.com\/wp-content\/uploads\/2024\/02\/DSC01344-kopiera-large-300x200.jpg 300w, https:\/\/www.visbygk.com\/wp-content\/uploads\/2024\/02\/DSC01344-kopiera-large-768x512.jpg 768w, https:\/\/www.visbygk.com\/wp-content\/uploads\/2024\/02\/DSC01344-kopiera-large-1536x1024.jpg 1536w, https:\/\/www.visbygk.com\/wp-content\/uploads\/2024\/02\/DSC01344-kopiera-large-1200x800.jpg 1200w, https:\/\/www.visbygk.com\/wp-content\/uploads\/2024\/02\/DSC01344-kopiera-large.jpg 1920w\" sizes=\"(max-width: 1024px) 100vw, 1024px\" \/><\/figure>\n\n\n\n<p id=\"i7tkfj\">Kurs och tr\u00e4ningsprogrammet f\u00f6r v\u00e5r- och sommars\u00e4songen \u00e4r nu \u00f6ppen f\u00f6r anm\u00e4lan.&nbsp;<br><br><strong>Tr\u00e4ningskort<\/strong><br>Nytt f\u00f6r i \u00e5r \u00e4r att vi delat upp den popul\u00e4ra seniortr\u00e4ningen\/tr\u00e4ningskortet i olika perioder f\u00f6r att n\u00e5 fler av er medlemmar och allas olika behov till tr\u00e4ning. Perioderna \u00e4r v\u00e5ra \u00e5rstider och ser ut enligt nedan:<br>V\u00e5rs\u00e4songen V 19-25<br>Sommars\u00e4songen V 26-32<br>H\u00f6sts\u00e4songen V 33-39<br>Vinter V 45-51&nbsp;<br>Varje period best\u00e5r av 7 veckors tr\u00e4ning med 1 tr\u00e4ning\/vecka (1250kr).&nbsp;<br>Vilka dagar och tider som g\u00e4ller f\u00f6r just dig hittar du p\u00e5 hemsidan eller kontakta mig om du har n\u00e5gra funderingar.&nbsp;<br><br><strong>Lektioner och paket<\/strong><br>Om du \u00e4r sugen p\u00e5 att starta upp s\u00e4songen med ett lektionspaket och kanske f\u00e5 bort din slice, uppgradera ditt n\u00e4rspel eller bara f\u00e5 fart p\u00e5 din golf \u00e4r det bara att h\u00f6ra av dig s\u00e5 l\u00e4gger vi upp ett l\u00e4mpligt program f\u00f6r just dig. Mer information hittar du p\u00e5 hemsidan under \u201dTr\u00e4na\u201d.<br><br>Martin Bendelin Munkhammar &nbsp;<\/p>\n\n\n\n<h2 class=\"wp-block-heading\">T\u00e4vlingsprogram<\/h2>\n\n\n\n<figure class=\"wp-block-image size-large\"><img decoding=\"async\" width=\"1024\" height=\"682\" src=\"https:\/\/www.visbygk.com\/wp-content\/uploads\/2024\/02\/Kronis87f-1024x682.jpg\" alt=\"\" class=\"wp-image-12640\" srcset=\"https:\/\/www.visbygk.com\/wp-content\/uploads\/2024\/02\/Kronis87f-1024x682.jpg 1024w, https:\/\/www.visbygk.com\/wp-content\/uploads\/2024\/02\/Kronis87f-300x200.jpg 300w, https:\/\/www.visbygk.com\/wp-content\/uploads\/2024\/02\/Kronis87f-768x512.jpg 768w, https:\/\/www.visbygk.com\/wp-content\/uploads\/2024\/02\/Kronis87f-1536x1024.jpg 1536w, https:\/\/www.visbygk.com\/wp-content\/uploads\/2024\/02\/Kronis87f-1200x800.jpg 1200w, https:\/\/www.visbygk.com\/wp-content\/uploads\/2024\/02\/Kronis87f-1980x1320.jpg 1980w, https:\/\/www.visbygk.com\/wp-content\/uploads\/2024\/02\/Kronis87f.jpg 2000w\" sizes=\"(max-width: 1024px) 100vw, 1024px\" \/><\/figure>\n\n\n\n<p>T\u00e4vlingsprogrammet f\u00f6r \u00e5ret kommer att bli lika intensivt som varierande.<br>F\u00f6r n\u00e4rvarande slipar vi p\u00e5 detaljerna och \u00e5terkommer inom kort.&nbsp;<br>Hav t\u00e5lamod.<\/p>\n\n\n\n<h2 class=\"wp-block-heading\">V\u00e4l m\u00f6tt p\u00e5 Kronholmen!<\/h2>\n","protected":false},"excerpt":{"rendered":"<p>Snart \u00f6ppnar vi banorna \u2013 bokningen \u00f6ppnar idag.&nbsp;Den ljusnande framtid \u00e4r v\u00e5r inom kort. Kurs och tr\u00e4ningsprogram Kurs och tr\u00e4ningsprogrammet f\u00f6r v\u00e5r- och sommars\u00e4songen \u00e4r nu \u00f6ppen f\u00f6r anm\u00e4lan.&nbsp; Tr\u00e4ningskortNytt&hellip;<\/p>\n","protected":false},"author":904,"featured_media":0,"comment_status":"closed","ping_status":"open","sticky":false,"template":"","format":"standard","meta":{"_golfpress_post_requires_user":false,"footnotes":""},"categories":[18],"tags":[],"class_list":["post-12635","post","type-post","status-publish","format-standard","hentry","category-nyheter","tw-post-no-content","tw-meta-no-icon"],"featured_image_urls_v2":{"full":"","thumbnail":"","medium":"","medium_large":"","large":"","1536x1536":"","2048x2048":"","post-thumbnail":"","twentytwenty-fullscreen":""},"post_excerpt_stackable_v2":"<p>Snart \u00f6ppnar vi banorna \u2013 bokningen \u00f6ppnar idag.&nbsp;Den ljusnande framtid \u00e4r v\u00e5r inom kort. Kurs och tr\u00e4ningsprogram Kurs och tr\u00e4ningsprogrammet f\u00f6r v\u00e5r- och sommars\u00e4songen \u00e4r nu \u00f6ppen f\u00f6r anm\u00e4lan.&nbsp;Tr\u00e4ningskortNytt f\u00f6r i \u00e5r \u00e4r att vi delat upp den popul\u00e4ra seniortr\u00e4ningen\/tr\u00e4ningskortet i olika perioder f\u00f6r att n\u00e5 fler av er medlemmar och allas olika behov till tr\u00e4ning. Perioderna \u00e4r v\u00e5ra \u00e5rstider och ser ut enligt nedan:V\u00e5rs\u00e4songen V 19-25Sommars\u00e4songen V 26-32H\u00f6sts\u00e4songen V 33-39Vinter V 45-51&nbsp;Varje period best\u00e5r av 7 veckors tr\u00e4ning med 1 tr\u00e4ning\/vecka (1250kr).&nbsp;Vilka dagar och tider som g\u00e4ller f\u00f6r just dig hittar du p\u00e5 hemsidan eller kontakta mig om du&hellip;<\/p>\n","category_list_v2":"<a href=\"https:\/\/www.visbygk.com\/sv\/category\/nyheter\/\" rel=\"category tag\">Nyheter<\/a>","author_info_v2":{"name":"Bo Rehnberg","url":"https:\/\/www.visbygk.com\/sv\/author\/bovisbygk-com\/"},"comments_num_v2":"0 comments","yoast_head":"<!-- This site is optimized with the Yoast SEO plugin v24.7 - https:\/\/yoast.com\/wordpress\/plugins\/seo\/ -->\n<title>Banan. Sj\u00e4len. Solen. Gl\u00e4djen. - Visby GK<\/title>\n<meta name=\"robots\" content=\"index, follow, max-snippet:-1, max-image-preview:large, max-video-preview:-1\" \/>\n<link rel=\"canonical\" href=\"https:\/\/www.visbygk.com\/sv\/nyheter\/banan-sjalen-solen-gladjen\/\" \/>\n<meta property=\"og:locale\" content=\"sv_SE\" \/>\n<meta property=\"og:type\" content=\"article\" \/>\n<meta property=\"og:title\" content=\"Banan. Sj\u00e4len. Solen. Gl\u00e4djen. - Visby GK\" \/>\n<meta property=\"og:description\" content=\"Snart \u00f6ppnar vi banorna \u2013 bokningen \u00f6ppnar idag.&nbsp;Den ljusnande framtid \u00e4r v\u00e5r inom kort. Kurs och tr\u00e4ningsprogram Kurs och tr\u00e4ningsprogrammet f\u00f6r v\u00e5r- och sommars\u00e4songen \u00e4r nu \u00f6ppen f\u00f6r anm\u00e4lan.&nbsp; Tr\u00e4ningskortNytt&hellip;\" \/>\n<meta property=\"og:url\" content=\"https:\/\/www.visbygk.com\/sv\/nyheter\/banan-sjalen-solen-gladjen\/\" \/>\n<meta property=\"og:site_name\" content=\"Visby GK\" \/>\n<meta property=\"article:published_time\" content=\"2024-02-15T14:06:02+00:00\" \/>\n<meta property=\"article:modified_time\" content=\"2024-02-15T14:07:25+00:00\" \/>\n<meta property=\"og:image\" content=\"https:\/\/www.visbygk.com\/wp-content\/uploads\/2024\/02\/520_Visby_GC_JacobSjoman_V1_16x9-large-2-1024x576.jpg\" \/>\n<meta name=\"author\" content=\"Bo Rehnberg\" \/>\n<meta name=\"twitter:card\" content=\"summary_large_image\" \/>\n<meta name=\"twitter:label1\" content=\"Written by\" \/>\n\t<meta name=\"twitter:data1\" content=\"Bo Rehnberg\" \/>\n\t<meta name=\"twitter:label2\" content=\"Est. reading time\" \/>\n\t<meta name=\"twitter:data2\" content=\"2 minuter\" \/>\n<script type=\"application\/ld+json\" class=\"yoast-schema-graph\">{\"@context\":\"https:\/\/schema.org\",\"@graph\":[{\"@type\":\"Article\",\"@id\":\"https:\/\/www.visbygk.com\/sv\/nyheter\/banan-sjalen-solen-gladjen\/#article\",\"isPartOf\":{\"@id\":\"https:\/\/www.visbygk.com\/sv\/nyheter\/banan-sjalen-solen-gladjen\/\"},\"author\":{\"name\":\"Bo Rehnberg\",\"@id\":\"https:\/\/www.visbygk.com\/sv\/#\/schema\/person\/fbacf7505e59d69aca797ed5770f2743\"},\"headline\":\"Banan. Sj\u00e4len. Solen. Gl\u00e4djen.\",\"datePublished\":\"2024-02-15T14:06:02+00:00\",\"dateModified\":\"2024-02-15T14:07:25+00:00\",\"mainEntityOfPage\":{\"@id\":\"https:\/\/www.visbygk.com\/sv\/nyheter\/banan-sjalen-solen-gladjen\/\"},\"wordCount\":252,\"publisher\":{\"@id\":\"https:\/\/www.visbygk.com\/sv\/#organization\"},\"image\":{\"@id\":\"https:\/\/www.visbygk.com\/sv\/nyheter\/banan-sjalen-solen-gladjen\/#primaryimage\"},\"thumbnailUrl\":\"https:\/\/www.visbygk.com\/wp-content\/uploads\/2024\/02\/520_Visby_GC_JacobSjoman_V1_16x9-large-2-1024x576.jpg\",\"articleSection\":[\"Nyheter\"],\"inLanguage\":\"sv-SE\"},{\"@type\":\"WebPage\",\"@id\":\"https:\/\/www.visbygk.com\/sv\/nyheter\/banan-sjalen-solen-gladjen\/\",\"url\":\"https:\/\/www.visbygk.com\/sv\/nyheter\/banan-sjalen-solen-gladjen\/\",\"name\":\"Banan. Sj\u00e4len. Solen. Gl\u00e4djen. - Visby GK\",\"isPartOf\":{\"@id\":\"https:\/\/www.visbygk.com\/sv\/#website\"},\"primaryImageOfPage\":{\"@id\":\"https:\/\/www.visbygk.com\/sv\/nyheter\/banan-sjalen-solen-gladjen\/#primaryimage\"},\"image\":{\"@id\":\"https:\/\/www.visbygk.com\/sv\/nyheter\/banan-sjalen-solen-gladjen\/#primaryimage\"},\"thumbnailUrl\":\"https:\/\/www.visbygk.com\/wp-content\/uploads\/2024\/02\/520_Visby_GC_JacobSjoman_V1_16x9-large-2-1024x576.jpg\",\"datePublished\":\"2024-02-15T14:06:02+00:00\",\"dateModified\":\"2024-02-15T14:07:25+00:00\",\"breadcrumb\":{\"@id\":\"https:\/\/www.visbygk.com\/sv\/nyheter\/banan-sjalen-solen-gladjen\/#breadcrumb\"},\"inLanguage\":\"sv-SE\",\"potentialAction\":[{\"@type\":\"ReadAction\",\"target\":[\"https:\/\/www.visbygk.com\/sv\/nyheter\/banan-sjalen-solen-gladjen\/\"]}]},{\"@type\":\"ImageObject\",\"inLanguage\":\"sv-SE\",\"@id\":\"https:\/\/www.visbygk.com\/sv\/nyheter\/banan-sjalen-solen-gladjen\/#primaryimage\",\"url\":\"https:\/\/www.visbygk.com\/wp-content\/uploads\/2024\/02\/520_Visby_GC_JacobSjoman_V1_16x9-large-2-1024x576.jpg\",\"contentUrl\":\"https:\/\/www.visbygk.com\/wp-content\/uploads\/2024\/02\/520_Visby_GC_JacobSjoman_V1_16x9-large-2-1024x576.jpg\"},{\"@type\":\"BreadcrumbList\",\"@id\":\"https:\/\/www.visbygk.com\/sv\/nyheter\/banan-sjalen-solen-gladjen\/#breadcrumb\",\"itemListElement\":[{\"@type\":\"ListItem\",\"position\":1,\"name\":\"Home\",\"item\":\"https:\/\/www.visbygk.com\/sv\/\"},{\"@type\":\"ListItem\",\"position\":2,\"name\":\"Banan. Sj\u00e4len. Solen. Gl\u00e4djen.\"}]},{\"@type\":\"WebSite\",\"@id\":\"https:\/\/www.visbygk.com\/sv\/#website\",\"url\":\"https:\/\/www.visbygk.com\/sv\/\",\"name\":\"Visby GK\",\"description\":\"Visby GK\",\"publisher\":{\"@id\":\"https:\/\/www.visbygk.com\/sv\/#organization\"},\"potentialAction\":[{\"@type\":\"SearchAction\",\"target\":{\"@type\":\"EntryPoint\",\"urlTemplate\":\"https:\/\/www.visbygk.com\/sv\/?s={search_term_string}\"},\"query-input\":{\"@type\":\"PropertyValueSpecification\",\"valueRequired\":true,\"valueName\":\"search_term_string\"}}],\"inLanguage\":\"sv-SE\"},{\"@type\":\"Organization\",\"@id\":\"https:\/\/www.visbygk.com\/sv\/#organization\",\"name\":\"Visby GK\",\"url\":\"https:\/\/www.visbygk.com\/sv\/\",\"logo\":{\"@type\":\"ImageObject\",\"inLanguage\":\"sv-SE\",\"@id\":\"https:\/\/www.visbygk.com\/sv\/#\/schema\/logo\/image\/\",\"url\":\"https:\/\/www.visbygk.com\/wp-content\/uploads\/2021\/01\/visbygk-svart-1.png\",\"contentUrl\":\"https:\/\/www.visbygk.com\/wp-content\/uploads\/2021\/01\/visbygk-svart-1.png\",\"width\":800,\"height\":800,\"caption\":\"Visby GK\"},\"image\":{\"@id\":\"https:\/\/www.visbygk.com\/sv\/#\/schema\/logo\/image\/\"}},{\"@type\":\"Person\",\"@id\":\"https:\/\/www.visbygk.com\/sv\/#\/schema\/person\/fbacf7505e59d69aca797ed5770f2743\",\"name\":\"Bo Rehnberg\",\"image\":{\"@type\":\"ImageObject\",\"inLanguage\":\"sv-SE\",\"@id\":\"https:\/\/www.visbygk.com\/sv\/#\/schema\/person\/image\/\",\"url\":\"https:\/\/secure.gravatar.com\/avatar\/c1c58779a5be4624ea4fe2ffffbc62d4?s=96&d=mm&r=g\",\"contentUrl\":\"https:\/\/secure.gravatar.com\/avatar\/c1c58779a5be4624ea4fe2ffffbc62d4?s=96&d=mm&r=g\",\"caption\":\"Bo Rehnberg\"},\"url\":\"https:\/\/www.visbygk.com\/sv\/author\/bovisbygk-com\/\"}]}<\/script>\n<!-- \/ Yoast SEO plugin. -->","yoast_head_json":{"title":"Banan. Sj\u00e4len. Solen. Gl\u00e4djen. - Visby GK","robots":{"index":"index","follow":"follow","max-snippet":"max-snippet:-1","max-image-preview":"max-image-preview:large","max-video-preview":"max-video-preview:-1"},"canonical":"https:\/\/www.visbygk.com\/sv\/nyheter\/banan-sjalen-solen-gladjen\/","og_locale":"sv_SE","og_type":"article","og_title":"Banan. Sj\u00e4len. Solen. Gl\u00e4djen. - Visby GK","og_description":"Snart \u00f6ppnar vi banorna \u2013 bokningen \u00f6ppnar idag.&nbsp;Den ljusnande framtid \u00e4r v\u00e5r inom kort. Kurs och tr\u00e4ningsprogram Kurs och tr\u00e4ningsprogrammet f\u00f6r v\u00e5r- och sommars\u00e4songen \u00e4r nu \u00f6ppen f\u00f6r anm\u00e4lan.&nbsp; Tr\u00e4ningskortNytt&hellip;","og_url":"https:\/\/www.visbygk.com\/sv\/nyheter\/banan-sjalen-solen-gladjen\/","og_site_name":"Visby GK","article_published_time":"2024-02-15T14:06:02+00:00","article_modified_time":"2024-02-15T14:07:25+00:00","og_image":[{"url":"https:\/\/www.visbygk.com\/wp-content\/uploads\/2024\/02\/520_Visby_GC_JacobSjoman_V1_16x9-large-2-1024x576.jpg","type":"","width":"","height":""}],"author":"Bo Rehnberg","twitter_card":"summary_large_image","twitter_misc":{"Written by":"Bo Rehnberg","Est. reading time":"2 minuter"},"schema":{"@context":"https:\/\/schema.org","@graph":[{"@type":"Article","@id":"https:\/\/www.visbygk.com\/sv\/nyheter\/banan-sjalen-solen-gladjen\/#article","isPartOf":{"@id":"https:\/\/www.visbygk.com\/sv\/nyheter\/banan-sjalen-solen-gladjen\/"},"author":{"name":"Bo Rehnberg","@id":"https:\/\/www.visbygk.com\/sv\/#\/schema\/person\/fbacf7505e59d69aca797ed5770f2743"},"headline":"Banan. Sj\u00e4len. Solen. Gl\u00e4djen.","datePublished":"2024-02-15T14:06:02+00:00","dateModified":"2024-02-15T14:07:25+00:00","mainEntityOfPage":{"@id":"https:\/\/www.visbygk.com\/sv\/nyheter\/banan-sjalen-solen-gladjen\/"},"wordCount":252,"publisher":{"@id":"https:\/\/www.visbygk.com\/sv\/#organization"},"image":{"@id":"https:\/\/www.visbygk.com\/sv\/nyheter\/banan-sjalen-solen-gladjen\/#primaryimage"},"thumbnailUrl":"https:\/\/www.visbygk.com\/wp-content\/uploads\/2024\/02\/520_Visby_GC_JacobSjoman_V1_16x9-large-2-1024x576.jpg","articleSection":["Nyheter"],"inLanguage":"sv-SE"},{"@type":"WebPage","@id":"https:\/\/www.visbygk.com\/sv\/nyheter\/banan-sjalen-solen-gladjen\/","url":"https:\/\/www.visbygk.com\/sv\/nyheter\/banan-sjalen-solen-gladjen\/","name":"Banan. Sj\u00e4len. Solen. Gl\u00e4djen. - Visby GK","isPartOf":{"@id":"https:\/\/www.visbygk.com\/sv\/#website"},"primaryImageOfPage":{"@id":"https:\/\/www.visbygk.com\/sv\/nyheter\/banan-sjalen-solen-gladjen\/#primaryimage"},"image":{"@id":"https:\/\/www.visbygk.com\/sv\/nyheter\/banan-sjalen-solen-gladjen\/#primaryimage"},"thumbnailUrl":"https:\/\/www.visbygk.com\/wp-content\/uploads\/2024\/02\/520_Visby_GC_JacobSjoman_V1_16x9-large-2-1024x576.jpg","datePublished":"2024-02-15T14:06:02+00:00","dateModified":"2024-02-15T14:07:25+00:00","breadcrumb":{"@id":"https:\/\/www.visbygk.com\/sv\/nyheter\/banan-sjalen-solen-gladjen\/#breadcrumb"},"inLanguage":"sv-SE","potentialAction":[{"@type":"ReadAction","target":["https:\/\/www.visbygk.com\/sv\/nyheter\/banan-sjalen-solen-gladjen\/"]}]},{"@type":"ImageObject","inLanguage":"sv-SE","@id":"https:\/\/www.visbygk.com\/sv\/nyheter\/banan-sjalen-solen-gladjen\/#primaryimage","url":"https:\/\/www.visbygk.com\/wp-content\/uploads\/2024\/02\/520_Visby_GC_JacobSjoman_V1_16x9-large-2-1024x576.jpg","contentUrl":"https:\/\/www.visbygk.com\/wp-content\/uploads\/2024\/02\/520_Visby_GC_JacobSjoman_V1_16x9-large-2-1024x576.jpg"},{"@type":"BreadcrumbList","@id":"https:\/\/www.visbygk.com\/sv\/nyheter\/banan-sjalen-solen-gladjen\/#breadcrumb","itemListElement":[{"@type":"ListItem","position":1,"name":"Home","item":"https:\/\/www.visbygk.com\/sv\/"},{"@type":"ListItem","position":2,"name":"Banan. Sj\u00e4len. Solen. Gl\u00e4djen."}]},{"@type":"WebSite","@id":"https:\/\/www.visbygk.com\/sv\/#website","url":"https:\/\/www.visbygk.com\/sv\/","name":"Visby GK","description":"Visby GK","publisher":{"@id":"https:\/\/www.visbygk.com\/sv\/#organization"},"potentialAction":[{"@type":"SearchAction","target":{"@type":"EntryPoint","urlTemplate":"https:\/\/www.visbygk.com\/sv\/?s={search_term_string}"},"query-input":{"@type":"PropertyValueSpecification","valueRequired":true,"valueName":"search_term_string"}}],"inLanguage":"sv-SE"},{"@type":"Organization","@id":"https:\/\/www.visbygk.com\/sv\/#organization","name":"Visby GK","url":"https:\/\/www.visbygk.com\/sv\/","logo":{"@type":"ImageObject","inLanguage":"sv-SE","@id":"https:\/\/www.visbygk.com\/sv\/#\/schema\/logo\/image\/","url":"https:\/\/www.visbygk.com\/wp-content\/uploads\/2021\/01\/visbygk-svart-1.png","contentUrl":"https:\/\/www.visbygk.com\/wp-content\/uploads\/2021\/01\/visbygk-svart-1.png","width":800,"height":800,"caption":"Visby GK"},"image":{"@id":"https:\/\/www.visbygk.com\/sv\/#\/schema\/logo\/image\/"}},{"@type":"Person","@id":"https:\/\/www.visbygk.com\/sv\/#\/schema\/person\/fbacf7505e59d69aca797ed5770f2743","name":"Bo Rehnberg","image":{"@type":"ImageObject","inLanguage":"sv-SE","@id":"https:\/\/www.visbygk.com\/sv\/#\/schema\/person\/image\/","url":"https:\/\/secure.gravatar.com\/avatar\/c1c58779a5be4624ea4fe2ffffbc62d4?s=96&d=mm&r=g","contentUrl":"https:\/\/secure.gravatar.com\/avatar\/c1c58779a5be4624ea4fe2ffffbc62d4?s=96&d=mm&r=g","caption":"Bo Rehnberg"},"url":"https:\/\/www.visbygk.com\/sv\/author\/bovisbygk-com\/"}]}},"_links":{"self":[{"href":"https:\/\/www.visbygk.com\/sv\/wp-json\/wp\/v2\/posts\/12635","targetHints":{"allow":["GET"]}}],"collection":[{"href":"https:\/\/www.visbygk.com\/sv\/wp-json\/wp\/v2\/posts"}],"about":[{"href":"https:\/\/www.visbygk.com\/sv\/wp-json\/wp\/v2\/types\/post"}],"author":[{"embeddable":true,"href":"https:\/\/www.visbygk.com\/sv\/wp-json\/wp\/v2\/users\/904"}],"replies":[{"embeddable":true,"href":"https:\/\/www.visbygk.com\/sv\/wp-json\/wp\/v2\/comments?post=12635"}],"version-history":[{"count":2,"href":"https:\/\/www.visbygk.com\/sv\/wp-json\/wp\/v2\/posts\/12635\/revisions"}],"predecessor-version":[{"id":12643,"href":"https:\/\/www.visbygk.com\/sv\/wp-json\/wp\/v2\/posts\/12635\/revisions\/12643"}],"wp:attachment":[{"href":"https:\/\/www.visbygk.com\/sv\/wp-json\/wp\/v2\/media?parent=12635"}],"wp:term":[{"taxonomy":"category","embeddable":true,"href":"https:\/\/www.visbygk.com\/sv\/wp-json\/wp\/v2\/categories?post=12635"},{"taxonomy":"post_tag","embeddable":true,"href":"https:\/\/www.visbygk.com\/sv\/wp-json\/wp\/v2\/tags?post=12635"}],"curies":[{"name":"wp","href":"https:\/\/api.w.org\/{rel}","templated":true}]}}