{"id":11678,"date":"2023-07-21T10:46:36","date_gmt":"2023-07-21T08:46:36","guid":{"rendered":"https:\/\/www.visbygk.com\/?p=11678"},"modified":"2023-07-21T10:46:37","modified_gmt":"2023-07-21T08:46:37","slug":"ordforandebrev-juli","status":"publish","type":"post","link":"https:\/\/www.visbygk.com\/sv\/nyheter\/ordforandebrev-juli\/","title":{"rendered":"Ordf\u00f6randebrev juli"},"content":{"rendered":"\n<figure class=\"wp-block-image size-large\"><img decoding=\"async\" width=\"1024\" height=\"484\" src=\"https:\/\/www.visbygk.com\/wp-content\/uploads\/2023\/07\/large-IMG_6468-2-1024x484.jpg\" alt=\"\" class=\"wp-image-11679\" srcset=\"https:\/\/www.visbygk.com\/wp-content\/uploads\/2023\/07\/large-IMG_6468-2-1024x484.jpg 1024w, https:\/\/www.visbygk.com\/wp-content\/uploads\/2023\/07\/large-IMG_6468-2-300x142.jpg 300w, https:\/\/www.visbygk.com\/wp-content\/uploads\/2023\/07\/large-IMG_6468-2-768x363.jpg 768w, https:\/\/www.visbygk.com\/wp-content\/uploads\/2023\/07\/large-IMG_6468-2-1536x726.jpg 1536w, https:\/\/www.visbygk.com\/wp-content\/uploads\/2023\/07\/large-IMG_6468-2-1200x567.jpg 1200w, https:\/\/www.visbygk.com\/wp-content\/uploads\/2023\/07\/large-IMG_6468-2.jpg 1920w\" sizes=\"(max-width: 1024px) 100vw, 1024px\" \/><\/figure>\n\n\n\n<p><strong>Hej!&nbsp;<\/strong><\/p>\n\n\n\n<p>Nu har vi verkligen fullt drag i verksamhet och ni har s\u00e4kert sett hur fullbokat det \u00e4r p\u00e5 v\u00e5ra b\u00e5da banor, med b\u00e5de medlemmar och g\u00e4ster. 18-h\u00e5lsbanan har varit helt full fr\u00e5n klockan 06.00 till 18.00 och d\u00e4rmed blir det \u00e4ven mycket spel p\u00e5 9-h\u00e5lsslingan. J\u00e4ttekul.&nbsp;<\/p>\n\n\n\n<p>V\u00e5ra starters g\u00f6r allt de kan f\u00f6r att vi gemensamt skall kunna h\u00e5lla ett bra speltempo. Banan \u00e4r i kanonskick och \u00e4n s\u00e5 l\u00e4nge kvarst\u00e5r hoppet om att klara vattensituationen.\u00a0<\/p>\n\n\n\n<p>H\u00e4rom veckan var v\u00e5r irl\u00e4ndske banr\u00e5dgivare\u00a0Eddie Connaughton\u00a0h\u00e4r n\u00e5gra dagar f\u00f6r att kolla skick och utveckling. Det var sp\u00e4nnande att f\u00e5 se hur han och Petter tar allehanda prover och luktar h\u00e4r och var\u2026 Eddie var j\u00e4tten\u00f6jd och han och Petter har \u00e4ven resonerat om vilka \u00e5tg\u00e4rder som kr\u00e4vs f\u00f6r att, p\u00e5 lite l\u00e4ngre sikt, h\u00f6ja niv\u00e5n p\u00e5 9-h\u00e5lsbanan.<\/p>\n\n\n\n<p>Restaurangen har, som jag tidigare skrivit, haft det lite k\u00e4mpigt och sv\u00e5rplanerat med antalet matg\u00e4ster under f\u00f6rs\u00e4songen. Nu k\u00e4mpar man h\u00e5rt med att klara cirka 200 matg\u00e4ster till lunch och det \u00e4r \u00e4ven bra bokat p\u00e5 kv\u00e4llarna. Kiosken \u00e4r enligt g\u00e4stunders\u00f6kningen landets n\u00e4st b\u00e4sta kiosk och s\u00e4ljer n\u00e4stan 100 sm\u00f6rg\u00e5sar om dagen.<\/p>\n\n\n\n<p>I receptionen \u00e4r det full rulle och shopen s\u00e4ljer bra. Vi har ett gott g\u00e4ng d\u00e4r och mycket arbete l\u00e4ggs ned p\u00e5 att ge medlemmar\/g\u00e4ster den allra b\u00e4sta servicen.&nbsp;<\/p>\n\n\n\n<p>Tr\u00e4narna har n\u00e4stintill fullbokat, s\u00e5v\u00e4l p\u00e5 grupptr\u00e4ningarna som p\u00e5 privatlektionerna. S\u00e5 \u00e4r du i behov av en tr\u00e4nare, vem \u00e4r inte det, boka i god tid.&nbsp;<\/p>\n\n\n\n<p>Vi f\u00e5r fortsatt fina omd\u00f6men fr\u00e5n v\u00e5ra g\u00e4ster i den unders\u00f6kning som genomf\u00f6rs succesivt. B\u00e4sta klubb av alla i unders\u00f6kningen!<\/p>\n\n\n\n<figure class=\"wp-block-image size-full\"><img decoding=\"async\" width=\"900\" height=\"600\" src=\"https:\/\/www.visbygk.com\/wp-content\/uploads\/2023\/07\/KMputt17-medium.jpg\" alt=\"\" class=\"wp-image-11683\" srcset=\"https:\/\/www.visbygk.com\/wp-content\/uploads\/2023\/07\/KMputt17-medium.jpg 900w, https:\/\/www.visbygk.com\/wp-content\/uploads\/2023\/07\/KMputt17-medium-300x200.jpg 300w, https:\/\/www.visbygk.com\/wp-content\/uploads\/2023\/07\/KMputt17-medium-768x512.jpg 768w\" sizes=\"(max-width: 900px) 100vw, 900px\" \/><\/figure>\n\n\n\n<p><strong>Styrelsen<\/strong><\/p>\n\n\n\n<p>Vi hade ett extra styrelsem\u00f6te strax efter midsommar f\u00f6r att intervju de tre kandidaterna till klubbchefsjobbet. Vid det m\u00f6tet tog vi ocks\u00e5 upp tre \u00f6vriga fr\u00e5gor:<\/p>\n\n\n\n<ol class=\"wp-block-list\" type=\"1\">\n<li>Vi har en strandskyddsdispens sedan flera \u00e5r att f\u00f6rl\u00e4nga h\u00e5l ett med green nere vid den alternativa utslagsplatsen f\u00f6r h\u00e5l tv\u00e5, som g\u00e5r ut tidig h\u00f6st. Fr\u00e5gan \u00e4r om vi ska ta den i anspr\u00e5k och p\u00e5 n\u00e5got s\u00e4tt starta byggnation eller ej. Vi tar upp fr\u00e5gan igen p\u00e5 augustim\u00f6tet. Det \u00e4r naturligtvis ocks\u00e5 en ekonomisk fr\u00e5ga.<\/li>\n\n\n\n<li>P\u00e5 samma tema har vi ett flera \u00e5r gammalt bygglov f\u00f6r att bygga till studion.    Styrelsen avvaktar beslut om framtidens resurser f\u00f6r tr\u00e4ning och v\u00e4ljer att inte ta bygglovet i anspr\u00e5k nu.<\/li>\n\n\n\n<li>N\u00e4r det g\u00e4ller idrotten golf och d\u00e4rmed personella och materiella resurser f\u00f6r tr\u00e4ning vill styrelsen se till att vi har en gemensam vision och m\u00e5lbild p\u00e5 klubben. Fr\u00e5gan kommer upp p\u00e5 styrelsens strategim\u00f6te i b\u00f6rjan av oktober. Beslutet nu \u00e4r att vi inte kommer att bedriva vintertr\u00e4ning med tv\u00e5 tr\u00e4nare denna vinter. Detta inneb\u00e4r att Andreas Lindqvist, som har ett ett\u00e5rskontrakt som g\u00e5r ut i september inte f\u00e5tt sitt kontrakt f\u00f6rl\u00e4ngt.\u00a0<\/li>\n<\/ol>\n\n\n\n<p>Alla dessa fr\u00e5gor \u00e4r beroende av v\u00e5r ekonomi. Resultatm\u00e4ssigt g\u00e5r vi ungef\u00e4r lika bra som f\u00f6reg\u00e5ende \u00e5r, men vi beh\u00f6ver \u201dh\u00e5lla i slantarna\u201d.&nbsp;<\/p>\n\n\n\n<p>V\u00e5rt elavtal som i nul\u00e4get \u00e4r bundet till 30 \u00f6re kWh l\u00f6per ut i november. Vi har ocks\u00e5 ett antal angel\u00e4gna projekt att utreda vidare. Till exempel ombyggnad av restaurang, avsaltningsanl\u00e4ggning, solceller, korth\u00e5llsbana med mera.&nbsp;<\/p>\n\n\n\n<p>Det \u00e4r ju ocks\u00e5 j\u00e4tteviktigt att n\u00e4sta ordinarie klubbchef\/VD kommer in i jobbet och f\u00e5r vara med att utveckla!&nbsp;<\/p>\n\n\n\n<p><strong>Ny klubbchef\/VD<\/strong><\/p>\n\n\n\n<p>V\u00e5r nye klubbchef\/VD, som tilltr\u00e4der den 1 oktober, heter&nbsp;<strong>Matthias Gullberg.<\/strong>&nbsp;Han \u00e4r f\u00f6r n\u00e4rvarande klubbchef sedan 7 \u00e5r p\u00e5 Askers Golfklubb utanf\u00f6r Oslo.&nbsp;<\/p>\n\n\n<div class=\"wp-block-image\">\n<figure class=\"aligncenter size-full\"><img decoding=\"async\" width=\"480\" height=\"640\" src=\"https:\/\/www.visbygk.com\/wp-content\/uploads\/2023\/07\/image003-1.jpg\" alt=\"\" class=\"wp-image-11687\" srcset=\"https:\/\/www.visbygk.com\/wp-content\/uploads\/2023\/07\/image003-1.jpg 480w, https:\/\/www.visbygk.com\/wp-content\/uploads\/2023\/07\/image003-1-225x300.jpg 225w\" sizes=\"(max-width: 480px) 100vw, 480px\" \/><\/figure><\/div>\n\n\n<p>Matthias har en masterutbildning i golfdrift och management. Han har tidigare varit klubbchef p\u00e5 \u00d6stmarka golfklubb, varit r\u00e5dgivare f\u00f6r utveckling av norsk damgolf, arbetat p\u00e5 Europatouren och p\u00e5 Bro Hof. Han \u00e4r uppvuxen i V\u00e4ster\u00e5s d\u00e4r b\u00e5de hans syster och pappa varit PGA PRO:s.<\/p>\n\n\n\n<p>Matthias har utvecklat Askers golfklubb fr\u00e5n att vara en s\u00e4songsverksamhet till hel\u00e5rsdrift, utvecklat banan och Askers till en kvalitetsklubb, samt utvecklat junior- och elitverksamheten och d\u00e4rmed ocks\u00e5 st\u00e4rkt medlemsk\u00e4nslan.<\/p>\n\n\n\n<p>Matthias har dessutom de senaste har de senaste 5 \u00e5ren ocks\u00e5 varit arbetande president i norska GAF (Golfadministrat\u00f6rernas f\u00f6rening).&nbsp;<\/p>\n\n\n\n<p>Det k\u00e4nns oerh\u00f6rt sp\u00e4nnande att v\u00e4lkomna honom till att bo p\u00e5 Gotland, Visby Golfklubb och att snart fylla 40 \u00e5r<\/p>\n\n\n\n<p><strong>Klubbm\u00e4sterskap och Medlemsafton<\/strong><\/p>\n\n\n\n<p>Helgen den 28 och 29 juli \u00e4r det medlemmarnas dag och afton.<\/p>\n\n\n\n<figure class=\"wp-block-image size-full\"><img decoding=\"async\" width=\"900\" height=\"600\" src=\"https:\/\/www.visbygk.com\/wp-content\/uploads\/2023\/07\/KMputt28-medium.jpg\" alt=\"\" class=\"wp-image-11689\" srcset=\"https:\/\/www.visbygk.com\/wp-content\/uploads\/2023\/07\/KMputt28-medium.jpg 900w, https:\/\/www.visbygk.com\/wp-content\/uploads\/2023\/07\/KMputt28-medium-300x200.jpg 300w, https:\/\/www.visbygk.com\/wp-content\/uploads\/2023\/07\/KMputt28-medium-768x512.jpg 768w\" sizes=\"(max-width: 900px) 100vw, 900px\" \/><\/figure>\n\n\n\n<p>P\u00e5 fredagen \u00e4r det klubbm\u00e4sterskap f\u00f6r damer och herrar.&nbsp;<\/p>\n\n\n\n<p>P\u00e5 l\u00f6rdagen \u00e4r det Kids KM och putt KM under dagen.&nbsp;<\/p>\n\n\n\n<p>Vid 16-tiden \u00f6ppnar vi ett antal matstationer och aktiviteter runt puttingbanan och finalen av putt KM g\u00e5r av stapeln 17.30. D\u00e4refter kommer v\u00e5r nye klubbchef\/VD, Matthias, att intervjuas p\u00e5 scenen f\u00f6ljt av prisutdelning i KM.&nbsp;<\/p>\n\n\n\n<p>N\u00e4rmare information kommer i b\u00f6rjan av n\u00e4sta vecka.<\/p>\n\n\n\n<p>V\u00e4l m\u00f6tt!<\/p>\n\n\n\n<p>Peter Molin<\/p>\n","protected":false},"excerpt":{"rendered":"<p>Hej!&nbsp; Nu har vi verkligen fullt drag i verksamhet och ni har s\u00e4kert sett hur fullbokat det \u00e4r p\u00e5 v\u00e5ra b\u00e5da banor, med b\u00e5de medlemmar och g\u00e4ster. 18-h\u00e5lsbanan har varit&hellip;<\/p>\n","protected":false},"author":904,"featured_media":0,"comment_status":"closed","ping_status":"open","sticky":false,"template":"","format":"standard","meta":{"_golfpress_post_requires_user":false,"footnotes":""},"categories":[18],"tags":[],"class_list":["post-11678","post","type-post","status-publish","format-standard","hentry","category-nyheter","tw-post-no-content","tw-meta-no-icon"],"featured_image_urls_v2":{"full":"","thumbnail":"","medium":"","medium_large":"","large":"","1536x1536":"","2048x2048":"","post-thumbnail":"","twentytwenty-fullscreen":""},"post_excerpt_stackable_v2":"<p>Hej!&nbsp; Nu har vi verkligen fullt drag i verksamhet och ni har s\u00e4kert sett hur fullbokat det \u00e4r p\u00e5 v\u00e5ra b\u00e5da banor, med b\u00e5de medlemmar och g\u00e4ster. 18-h\u00e5lsbanan har varit helt full fr\u00e5n klockan 06.00 till 18.00 och d\u00e4rmed blir det \u00e4ven mycket spel p\u00e5 9-h\u00e5lsslingan. J\u00e4ttekul.&nbsp; V\u00e5ra starters g\u00f6r allt de kan f\u00f6r att vi gemensamt skall kunna h\u00e5lla ett bra speltempo. Banan \u00e4r i kanonskick och \u00e4n s\u00e5 l\u00e4nge kvarst\u00e5r hoppet om att klara vattensituationen.\u00a0 H\u00e4rom veckan var v\u00e5r irl\u00e4ndske banr\u00e5dgivare\u00a0Eddie Connaughton\u00a0h\u00e4r n\u00e5gra dagar f\u00f6r att kolla skick och utveckling. Det var sp\u00e4nnande att f\u00e5 se hur han&hellip;<\/p>\n","category_list_v2":"<a href=\"https:\/\/www.visbygk.com\/sv\/category\/nyheter\/\" rel=\"category tag\">Nyheter<\/a>","author_info_v2":{"name":"Bo Rehnberg","url":"https:\/\/www.visbygk.com\/sv\/author\/bovisbygk-com\/"},"comments_num_v2":"0 comments","yoast_head":"<!-- This site is optimized with the Yoast SEO plugin v24.7 - https:\/\/yoast.com\/wordpress\/plugins\/seo\/ -->\n<title>Ordf\u00f6randebrev juli - Visby GK<\/title>\n<meta name=\"robots\" content=\"index, follow, max-snippet:-1, max-image-preview:large, max-video-preview:-1\" \/>\n<link rel=\"canonical\" href=\"https:\/\/www.visbygk.com\/sv\/nyheter\/ordforandebrev-juli\/\" \/>\n<meta property=\"og:locale\" content=\"sv_SE\" \/>\n<meta property=\"og:type\" content=\"article\" \/>\n<meta property=\"og:title\" content=\"Ordf\u00f6randebrev juli - Visby GK\" \/>\n<meta property=\"og:description\" content=\"Hej!&nbsp; Nu har vi verkligen fullt drag i verksamhet och ni har s\u00e4kert sett hur fullbokat det \u00e4r p\u00e5 v\u00e5ra b\u00e5da banor, med b\u00e5de medlemmar och g\u00e4ster. 18-h\u00e5lsbanan har varit&hellip;\" \/>\n<meta property=\"og:url\" content=\"https:\/\/www.visbygk.com\/sv\/nyheter\/ordforandebrev-juli\/\" \/>\n<meta property=\"og:site_name\" content=\"Visby GK\" \/>\n<meta property=\"article:published_time\" content=\"2023-07-21T08:46:36+00:00\" \/>\n<meta property=\"article:modified_time\" content=\"2023-07-21T08:46:37+00:00\" \/>\n<meta property=\"og:image\" content=\"https:\/\/www.visbygk.com\/wp-content\/uploads\/2023\/07\/large-IMG_6468-2-1024x484.jpg\" \/>\n<meta name=\"author\" content=\"Bo Rehnberg\" \/>\n<meta name=\"twitter:card\" content=\"summary_large_image\" \/>\n<meta name=\"twitter:label1\" content=\"Written by\" \/>\n\t<meta name=\"twitter:data1\" content=\"Bo Rehnberg\" \/>\n\t<meta name=\"twitter:label2\" content=\"Est. reading time\" \/>\n\t<meta name=\"twitter:data2\" content=\"5 minuter\" \/>\n<script type=\"application\/ld+json\" class=\"yoast-schema-graph\">{\"@context\":\"https:\/\/schema.org\",\"@graph\":[{\"@type\":\"Article\",\"@id\":\"https:\/\/www.visbygk.com\/sv\/nyheter\/ordforandebrev-juli\/#article\",\"isPartOf\":{\"@id\":\"https:\/\/www.visbygk.com\/sv\/nyheter\/ordforandebrev-juli\/\"},\"author\":{\"name\":\"Bo Rehnberg\",\"@id\":\"https:\/\/www.visbygk.com\/sv\/#\/schema\/person\/fbacf7505e59d69aca797ed5770f2743\"},\"headline\":\"Ordf\u00f6randebrev juli\",\"datePublished\":\"2023-07-21T08:46:36+00:00\",\"dateModified\":\"2023-07-21T08:46:37+00:00\",\"mainEntityOfPage\":{\"@id\":\"https:\/\/www.visbygk.com\/sv\/nyheter\/ordforandebrev-juli\/\"},\"wordCount\":925,\"publisher\":{\"@id\":\"https:\/\/www.visbygk.com\/sv\/#organization\"},\"image\":{\"@id\":\"https:\/\/www.visbygk.com\/sv\/nyheter\/ordforandebrev-juli\/#primaryimage\"},\"thumbnailUrl\":\"https:\/\/www.visbygk.com\/wp-content\/uploads\/2023\/07\/large-IMG_6468-2-1024x484.jpg\",\"articleSection\":[\"Nyheter\"],\"inLanguage\":\"sv-SE\"},{\"@type\":\"WebPage\",\"@id\":\"https:\/\/www.visbygk.com\/sv\/nyheter\/ordforandebrev-juli\/\",\"url\":\"https:\/\/www.visbygk.com\/sv\/nyheter\/ordforandebrev-juli\/\",\"name\":\"Ordf\u00f6randebrev juli - Visby GK\",\"isPartOf\":{\"@id\":\"https:\/\/www.visbygk.com\/sv\/#website\"},\"primaryImageOfPage\":{\"@id\":\"https:\/\/www.visbygk.com\/sv\/nyheter\/ordforandebrev-juli\/#primaryimage\"},\"image\":{\"@id\":\"https:\/\/www.visbygk.com\/sv\/nyheter\/ordforandebrev-juli\/#primaryimage\"},\"thumbnailUrl\":\"https:\/\/www.visbygk.com\/wp-content\/uploads\/2023\/07\/large-IMG_6468-2-1024x484.jpg\",\"datePublished\":\"2023-07-21T08:46:36+00:00\",\"dateModified\":\"2023-07-21T08:46:37+00:00\",\"breadcrumb\":{\"@id\":\"https:\/\/www.visbygk.com\/sv\/nyheter\/ordforandebrev-juli\/#breadcrumb\"},\"inLanguage\":\"sv-SE\",\"potentialAction\":[{\"@type\":\"ReadAction\",\"target\":[\"https:\/\/www.visbygk.com\/sv\/nyheter\/ordforandebrev-juli\/\"]}]},{\"@type\":\"ImageObject\",\"inLanguage\":\"sv-SE\",\"@id\":\"https:\/\/www.visbygk.com\/sv\/nyheter\/ordforandebrev-juli\/#primaryimage\",\"url\":\"https:\/\/www.visbygk.com\/wp-content\/uploads\/2023\/07\/large-IMG_6468-2-1024x484.jpg\",\"contentUrl\":\"https:\/\/www.visbygk.com\/wp-content\/uploads\/2023\/07\/large-IMG_6468-2-1024x484.jpg\"},{\"@type\":\"BreadcrumbList\",\"@id\":\"https:\/\/www.visbygk.com\/sv\/nyheter\/ordforandebrev-juli\/#breadcrumb\",\"itemListElement\":[{\"@type\":\"ListItem\",\"position\":1,\"name\":\"Home\",\"item\":\"https:\/\/www.visbygk.com\/sv\/\"},{\"@type\":\"ListItem\",\"position\":2,\"name\":\"Ordf\u00f6randebrev juli\"}]},{\"@type\":\"WebSite\",\"@id\":\"https:\/\/www.visbygk.com\/sv\/#website\",\"url\":\"https:\/\/www.visbygk.com\/sv\/\",\"name\":\"Visby GK\",\"description\":\"Visby GK\",\"publisher\":{\"@id\":\"https:\/\/www.visbygk.com\/sv\/#organization\"},\"potentialAction\":[{\"@type\":\"SearchAction\",\"target\":{\"@type\":\"EntryPoint\",\"urlTemplate\":\"https:\/\/www.visbygk.com\/sv\/?s={search_term_string}\"},\"query-input\":{\"@type\":\"PropertyValueSpecification\",\"valueRequired\":true,\"valueName\":\"search_term_string\"}}],\"inLanguage\":\"sv-SE\"},{\"@type\":\"Organization\",\"@id\":\"https:\/\/www.visbygk.com\/sv\/#organization\",\"name\":\"Visby GK\",\"url\":\"https:\/\/www.visbygk.com\/sv\/\",\"logo\":{\"@type\":\"ImageObject\",\"inLanguage\":\"sv-SE\",\"@id\":\"https:\/\/www.visbygk.com\/sv\/#\/schema\/logo\/image\/\",\"url\":\"https:\/\/www.visbygk.com\/wp-content\/uploads\/2021\/01\/visbygk-svart-1.png\",\"contentUrl\":\"https:\/\/www.visbygk.com\/wp-content\/uploads\/2021\/01\/visbygk-svart-1.png\",\"width\":800,\"height\":800,\"caption\":\"Visby GK\"},\"image\":{\"@id\":\"https:\/\/www.visbygk.com\/sv\/#\/schema\/logo\/image\/\"}},{\"@type\":\"Person\",\"@id\":\"https:\/\/www.visbygk.com\/sv\/#\/schema\/person\/fbacf7505e59d69aca797ed5770f2743\",\"name\":\"Bo Rehnberg\",\"image\":{\"@type\":\"ImageObject\",\"inLanguage\":\"sv-SE\",\"@id\":\"https:\/\/www.visbygk.com\/sv\/#\/schema\/person\/image\/\",\"url\":\"https:\/\/secure.gravatar.com\/avatar\/c1c58779a5be4624ea4fe2ffffbc62d4?s=96&d=mm&r=g\",\"contentUrl\":\"https:\/\/secure.gravatar.com\/avatar\/c1c58779a5be4624ea4fe2ffffbc62d4?s=96&d=mm&r=g\",\"caption\":\"Bo Rehnberg\"},\"url\":\"https:\/\/www.visbygk.com\/sv\/author\/bovisbygk-com\/\"}]}<\/script>\n<!-- \/ Yoast SEO plugin. -->","yoast_head_json":{"title":"Ordf\u00f6randebrev juli - Visby GK","robots":{"index":"index","follow":"follow","max-snippet":"max-snippet:-1","max-image-preview":"max-image-preview:large","max-video-preview":"max-video-preview:-1"},"canonical":"https:\/\/www.visbygk.com\/sv\/nyheter\/ordforandebrev-juli\/","og_locale":"sv_SE","og_type":"article","og_title":"Ordf\u00f6randebrev juli - Visby GK","og_description":"Hej!&nbsp; Nu har vi verkligen fullt drag i verksamhet och ni har s\u00e4kert sett hur fullbokat det \u00e4r p\u00e5 v\u00e5ra b\u00e5da banor, med b\u00e5de medlemmar och g\u00e4ster. 18-h\u00e5lsbanan har varit&hellip;","og_url":"https:\/\/www.visbygk.com\/sv\/nyheter\/ordforandebrev-juli\/","og_site_name":"Visby GK","article_published_time":"2023-07-21T08:46:36+00:00","article_modified_time":"2023-07-21T08:46:37+00:00","og_image":[{"url":"https:\/\/www.visbygk.com\/wp-content\/uploads\/2023\/07\/large-IMG_6468-2-1024x484.jpg","type":"","width":"","height":""}],"author":"Bo Rehnberg","twitter_card":"summary_large_image","twitter_misc":{"Written by":"Bo Rehnberg","Est. reading time":"5 minuter"},"schema":{"@context":"https:\/\/schema.org","@graph":[{"@type":"Article","@id":"https:\/\/www.visbygk.com\/sv\/nyheter\/ordforandebrev-juli\/#article","isPartOf":{"@id":"https:\/\/www.visbygk.com\/sv\/nyheter\/ordforandebrev-juli\/"},"author":{"name":"Bo Rehnberg","@id":"https:\/\/www.visbygk.com\/sv\/#\/schema\/person\/fbacf7505e59d69aca797ed5770f2743"},"headline":"Ordf\u00f6randebrev juli","datePublished":"2023-07-21T08:46:36+00:00","dateModified":"2023-07-21T08:46:37+00:00","mainEntityOfPage":{"@id":"https:\/\/www.visbygk.com\/sv\/nyheter\/ordforandebrev-juli\/"},"wordCount":925,"publisher":{"@id":"https:\/\/www.visbygk.com\/sv\/#organization"},"image":{"@id":"https:\/\/www.visbygk.com\/sv\/nyheter\/ordforandebrev-juli\/#primaryimage"},"thumbnailUrl":"https:\/\/www.visbygk.com\/wp-content\/uploads\/2023\/07\/large-IMG_6468-2-1024x484.jpg","articleSection":["Nyheter"],"inLanguage":"sv-SE"},{"@type":"WebPage","@id":"https:\/\/www.visbygk.com\/sv\/nyheter\/ordforandebrev-juli\/","url":"https:\/\/www.visbygk.com\/sv\/nyheter\/ordforandebrev-juli\/","name":"Ordf\u00f6randebrev juli - Visby GK","isPartOf":{"@id":"https:\/\/www.visbygk.com\/sv\/#website"},"primaryImageOfPage":{"@id":"https:\/\/www.visbygk.com\/sv\/nyheter\/ordforandebrev-juli\/#primaryimage"},"image":{"@id":"https:\/\/www.visbygk.com\/sv\/nyheter\/ordforandebrev-juli\/#primaryimage"},"thumbnailUrl":"https:\/\/www.visbygk.com\/wp-content\/uploads\/2023\/07\/large-IMG_6468-2-1024x484.jpg","datePublished":"2023-07-21T08:46:36+00:00","dateModified":"2023-07-21T08:46:37+00:00","breadcrumb":{"@id":"https:\/\/www.visbygk.com\/sv\/nyheter\/ordforandebrev-juli\/#breadcrumb"},"inLanguage":"sv-SE","potentialAction":[{"@type":"ReadAction","target":["https:\/\/www.visbygk.com\/sv\/nyheter\/ordforandebrev-juli\/"]}]},{"@type":"ImageObject","inLanguage":"sv-SE","@id":"https:\/\/www.visbygk.com\/sv\/nyheter\/ordforandebrev-juli\/#primaryimage","url":"https:\/\/www.visbygk.com\/wp-content\/uploads\/2023\/07\/large-IMG_6468-2-1024x484.jpg","contentUrl":"https:\/\/www.visbygk.com\/wp-content\/uploads\/2023\/07\/large-IMG_6468-2-1024x484.jpg"},{"@type":"BreadcrumbList","@id":"https:\/\/www.visbygk.com\/sv\/nyheter\/ordforandebrev-juli\/#breadcrumb","itemListElement":[{"@type":"ListItem","position":1,"name":"Home","item":"https:\/\/www.visbygk.com\/sv\/"},{"@type":"ListItem","position":2,"name":"Ordf\u00f6randebrev juli"}]},{"@type":"WebSite","@id":"https:\/\/www.visbygk.com\/sv\/#website","url":"https:\/\/www.visbygk.com\/sv\/","name":"Visby GK","description":"Visby GK","publisher":{"@id":"https:\/\/www.visbygk.com\/sv\/#organization"},"potentialAction":[{"@type":"SearchAction","target":{"@type":"EntryPoint","urlTemplate":"https:\/\/www.visbygk.com\/sv\/?s={search_term_string}"},"query-input":{"@type":"PropertyValueSpecification","valueRequired":true,"valueName":"search_term_string"}}],"inLanguage":"sv-SE"},{"@type":"Organization","@id":"https:\/\/www.visbygk.com\/sv\/#organization","name":"Visby GK","url":"https:\/\/www.visbygk.com\/sv\/","logo":{"@type":"ImageObject","inLanguage":"sv-SE","@id":"https:\/\/www.visbygk.com\/sv\/#\/schema\/logo\/image\/","url":"https:\/\/www.visbygk.com\/wp-content\/uploads\/2021\/01\/visbygk-svart-1.png","contentUrl":"https:\/\/www.visbygk.com\/wp-content\/uploads\/2021\/01\/visbygk-svart-1.png","width":800,"height":800,"caption":"Visby GK"},"image":{"@id":"https:\/\/www.visbygk.com\/sv\/#\/schema\/logo\/image\/"}},{"@type":"Person","@id":"https:\/\/www.visbygk.com\/sv\/#\/schema\/person\/fbacf7505e59d69aca797ed5770f2743","name":"Bo Rehnberg","image":{"@type":"ImageObject","inLanguage":"sv-SE","@id":"https:\/\/www.visbygk.com\/sv\/#\/schema\/person\/image\/","url":"https:\/\/secure.gravatar.com\/avatar\/c1c58779a5be4624ea4fe2ffffbc62d4?s=96&d=mm&r=g","contentUrl":"https:\/\/secure.gravatar.com\/avatar\/c1c58779a5be4624ea4fe2ffffbc62d4?s=96&d=mm&r=g","caption":"Bo Rehnberg"},"url":"https:\/\/www.visbygk.com\/sv\/author\/bovisbygk-com\/"}]}},"_links":{"self":[{"href":"https:\/\/www.visbygk.com\/sv\/wp-json\/wp\/v2\/posts\/11678","targetHints":{"allow":["GET"]}}],"collection":[{"href":"https:\/\/www.visbygk.com\/sv\/wp-json\/wp\/v2\/posts"}],"about":[{"href":"https:\/\/www.visbygk.com\/sv\/wp-json\/wp\/v2\/types\/post"}],"author":[{"embeddable":true,"href":"https:\/\/www.visbygk.com\/sv\/wp-json\/wp\/v2\/users\/904"}],"replies":[{"embeddable":true,"href":"https:\/\/www.visbygk.com\/sv\/wp-json\/wp\/v2\/comments?post=11678"}],"version-history":[{"count":3,"href":"https:\/\/www.visbygk.com\/sv\/wp-json\/wp\/v2\/posts\/11678\/revisions"}],"predecessor-version":[{"id":11691,"href":"https:\/\/www.visbygk.com\/sv\/wp-json\/wp\/v2\/posts\/11678\/revisions\/11691"}],"wp:attachment":[{"href":"https:\/\/www.visbygk.com\/sv\/wp-json\/wp\/v2\/media?parent=11678"}],"wp:term":[{"taxonomy":"category","embeddable":true,"href":"https:\/\/www.visbygk.com\/sv\/wp-json\/wp\/v2\/categories?post=11678"},{"taxonomy":"post_tag","embeddable":true,"href":"https:\/\/www.visbygk.com\/sv\/wp-json\/wp\/v2\/tags?post=11678"}],"curies":[{"name":"wp","href":"https:\/\/api.w.org\/{rel}","templated":true}]}}