{"id":11093,"date":"2023-04-14T15:24:17","date_gmt":"2023-04-14T13:24:17","guid":{"rendered":"https:\/\/www.visbygk.com\/?p=11093"},"modified":"2023-04-19T16:14:44","modified_gmt":"2023-04-19T14:14:44","slug":"valborgshelgen-pa-visby-gk","status":"publish","type":"post","link":"https:\/\/www.visbygk.com\/sv\/nyheter\/valborgshelgen-pa-visby-gk\/","title":{"rendered":"Valborgshelgen p\u00e5 Visby GK!"},"content":{"rendered":"\n<p><em>Markera helgen 28-30 april i kalendern f\u00e5r d\u00e5 h\u00e4nder det massa roligt p\u00e5 Kronholmen! Avtackning av Lars Leissner, middagar i restaurangen, demodagar p\u00e5 rangen och bes\u00f6k av v\u00e5ra leverant\u00f6rer i golfshopen. L\u00e4s mer om helgens olika h\u00e4ndelser nedan.<\/em><\/p>\n\n\n\n<div class=\"wp-block-stackable-heading stk-block-heading stk-block-heading--v2 stk-block stk-d34ed3f\" id=\"avtackning-av-lars-leissner\" data-block-id=\"d34ed3f\"><style>.stk-d34ed3f{margin-bottom:0px !important}<\/style><h4 class=\"stk-block-heading__text\">Avtackning av Lars Leissner<\/h4><\/div>\n\n\n\n<p>P\u00e5 \u00e5rsm\u00f6tet den 29:e april avg\u00e5r Lars Leissner som ordf\u00f6rande f\u00f6r Visby Golfklubb efter m\u00e5nga \u00e5r i klubbens tj\u00e4nst. Lars betydelse f\u00f6r klubbens utveckling under dryga 20 \u00e5r g\u00e5r inte att betona nog. Vi vill ge alla er en m\u00f6jlighet att tacka av Lars.<\/p>\n\n\n\n<p>Ni \u00e4r varmt v\u00e4lkomna <strong>fredagen den 28:e april mellan klockan 16:00-19:00<\/strong> i klubbhusets restaurang. Det kommer att bjudas p\u00e5 l\u00e4ttare f\u00f6rt\u00e4ring och dryck.<\/p>\n\n\n\n<div class=\"wp-block-stackable-heading stk-block-heading stk-block-heading--v2 stk-block stk-6ea8634\" id=\"demodagar-pa-rangen\" data-block-id=\"6ea8634\"><style>.stk-6ea8634{margin-bottom:0px !important}<\/style><h4 class=\"stk-block-heading__text\">Demodagar p\u00e5 rangen<\/h4><\/div>\n\n\n\n<p><strong>L\u00f6rdag och s\u00f6ndag mellan 10:00-15:00<\/strong><br>V\u00e5ra leverant\u00f6rer Titleist, Cobra, Ping och Callaway \u00e4r p\u00e5 plats med \u00e5rets alla roliga nyheter. K\u00f6per eller best\u00e4ller du klubbor under demodagarna f\u00e5r du 10% p\u00e5 ditt k\u00f6p<br>(g\u00e4ller endast ordinarie priser)<br><br>Boka din tid f\u00f6r utprovning genom att maila till <a href=\"mailto:info@visbygk.com\">info@visbygk.com<\/a> <\/p>\n\n\n\n<div class=\"wp-block-stackable-heading stk-block-heading stk-block-heading--v2 stk-block stk-bd43196\" id=\"specialevent-med-callaway\" data-block-id=\"bd43196\"><style>.stk-bd43196{margin-bottom:0px !important}<\/style><h4 class=\"stk-block-heading__text\">Specialevent med Callaway<\/h4><\/div>\n\n\n\n<p>P\u00e5 <strong>l\u00f6rdagen den 29:e april mellan 08:30-09:30<\/strong> bjuder Callaway in till genomg\u00e5ng och test av Callaways nya produkter tillsammans med en representant fr\u00e5n Callaway och en instrukt\u00f6r. Samling 08:30 vid rangen\/studion.<\/p>\n\n\n\n<div class=\"wp-block-stackable-heading stk-block-heading stk-block-heading--v2 stk-block stk-770e072\" id=\"kvallsoppet-i-golfshopen\" data-block-id=\"770e072\"><style>.stk-770e072{margin-bottom:0px !important}<\/style><h4 class=\"stk-block-heading__text\">Kv\u00e4lls\u00f6ppet i golfshopen<\/h4><\/div>\n\n\n\n<p><strong>L\u00f6rdag och s\u00f6ndag<\/strong> kommer golfshopen h\u00e5lla <strong>\u00f6ppet till klockan 20:00.<\/strong><br>V\u00e5ra v\u00e4nner p\u00e5 R\u00f6hnisch, Peak Performance, Puma och Daily Sport kommer under <strong>l\u00f6rdagen den 29 april<\/strong> finnas p\u00e5 plats med tips och smakr\u00e5d p\u00e5 kl\u00e4der. De finns p\u00e5 plats mellan klockan <strong>12:00-20:00.<\/strong><br><br>Handlar du kl\u00e4der under l\u00f6rdagen och s\u00f6ndagen f\u00e5r du<strong> 20%<\/strong> p\u00e5 ditt k\u00f6p.<br>G\u00e4ller endast ordinarie pris och kan inte kombineras med andra erbjudanden eller rabatter.<\/p>\n\n\n\n<p>FootJoy kommer att ha skoutprovning vid entr\u00e9n till klubbhuset d\u00e4r du f\u00e5r hj\u00e4lp att prova ut den sko som passar dina f\u00f6tter b\u00e4st. Har vi inte skorna i lager hj\u00e4lper vi sj\u00e4lvklart till att best\u00e4lla hem. De finns p\u00e5 plats <strong>l\u00f6rdag och s\u00f6ndag mellan klockan 10:00-15:00<\/strong><\/p>\n\n\n\n<p>Handlar du skor under l\u00f6rdagen och s\u00f6ndagen f\u00e5r du <strong>15%<\/strong> p\u00e5 ditt k\u00f6p.<br>G\u00e4ller endast ordinarie pris och kan inte kombineras med andra erbjudanden eller rabatter.<\/p>\n\n\n\n<div class=\"wp-block-stackable-heading stk-block-heading stk-block-heading--v2 stk-block stk-1a90561\" id=\"familjevanlig-middag-i-restaurangen\" data-block-id=\"1a90561\"><style>.stk-1a90561{margin-bottom:0px !important}<\/style><h4 class=\"stk-block-heading__text\">Familjev\u00e4nlig middag i restaurangen<\/h4><\/div>\n\n\n\n<p>Per med personal v\u00e4lkomnar f\u00f6r trer\u00e4ttersmiddag i restaurangen <strong>den 29:e och 30:e april.<\/strong> Det kommer finnas alternativ f\u00f6r hela familjen!<\/p>\n\n\n\n<p>Menyn kommer att publiceras p\u00e5 hemsidan under n\u00e4sta vecka.<\/p>\n\n\n\n<p>Boka dina platser genom att maila till <a href=\"mailto:restaurangen@visbygk.com\">restaurangen@visbygk.com<\/a>&nbsp;<\/p>\n","protected":false},"excerpt":{"rendered":"<p>Markera helgen 28-30 april i kalendern f\u00e5r d\u00e5 h\u00e4nder det massa roligt p\u00e5 Kronholmen! Avtackning av Lars Leissner, middagar i restaurangen, demodagar p\u00e5 rangen och bes\u00f6k av v\u00e5ra leverant\u00f6rer i&hellip;<\/p>\n","protected":false},"author":391,"featured_media":10628,"comment_status":"closed","ping_status":"open","sticky":false,"template":"","format":"standard","meta":{"_golfpress_post_requires_user":false,"footnotes":""},"categories":[18],"tags":[],"class_list":["post-11093","post","type-post","status-publish","format-standard","has-post-thumbnail","hentry","category-nyheter","tw-post-no-content","tw-post-has-image-16-9","tw-meta-no-icon"],"featured_image_urls_v2":{"full":["https:\/\/www.visbygk.com\/wp-content\/uploads\/2023\/02\/Flygfoto-holmen-fran-soder-1-scaled.jpg",2560,1706,false],"thumbnail":["https:\/\/www.visbygk.com\/wp-content\/uploads\/2023\/02\/Flygfoto-holmen-fran-soder-1-150x150.jpg",150,150,true],"medium":["https:\/\/www.visbygk.com\/wp-content\/uploads\/2023\/02\/Flygfoto-holmen-fran-soder-1-300x200.jpg",300,200,true],"medium_large":["https:\/\/www.visbygk.com\/wp-content\/uploads\/2023\/02\/Flygfoto-holmen-fran-soder-1-768x512.jpg",768,512,true],"large":["https:\/\/www.visbygk.com\/wp-content\/uploads\/2023\/02\/Flygfoto-holmen-fran-soder-1-1024x683.jpg",800,534,true],"1536x1536":["https:\/\/www.visbygk.com\/wp-content\/uploads\/2023\/02\/Flygfoto-holmen-fran-soder-1-1536x1024.jpg",1536,1024,true],"2048x2048":["https:\/\/www.visbygk.com\/wp-content\/uploads\/2023\/02\/Flygfoto-holmen-fran-soder-1-2048x1365.jpg",2048,1365,true],"post-thumbnail":["https:\/\/www.visbygk.com\/wp-content\/uploads\/2023\/02\/Flygfoto-holmen-fran-soder-1-1200x800.jpg",1200,800,true],"twentytwenty-fullscreen":["https:\/\/www.visbygk.com\/wp-content\/uploads\/2023\/02\/Flygfoto-holmen-fran-soder-1-1980x1320.jpg",1980,1320,true]},"post_excerpt_stackable_v2":"<p>Markera helgen 28-30 april i kalendern f\u00e5r d\u00e5 h\u00e4nder det massa roligt p\u00e5 Kronholmen! Avtackning av Lars Leissner, middagar i restaurangen, demodagar p\u00e5 rangen och bes\u00f6k av v\u00e5ra leverant\u00f6rer i golfshopen. L\u00e4s mer om helgens olika h\u00e4ndelser nedan. Avtackning av Lars Leissner P\u00e5 \u00e5rsm\u00f6tet den 29:e april avg\u00e5r Lars Leissner som ordf\u00f6rande f\u00f6r Visby Golfklubb efter m\u00e5nga \u00e5r i klubbens tj\u00e4nst. Lars betydelse f\u00f6r klubbens utveckling under dryga 20 \u00e5r g\u00e5r inte att betona nog. Vi vill ge alla er en m\u00f6jlighet att tacka av Lars. Ni \u00e4r varmt v\u00e4lkomna fredagen den 28:e april mellan klockan 16:00-19:00 i klubbhusets restaurang.&hellip;<\/p>\n","category_list_v2":"<a href=\"https:\/\/www.visbygk.com\/sv\/category\/nyheter\/\" rel=\"category tag\">Nyheter<\/a>","author_info_v2":{"name":"000111-003","url":"https:\/\/www.visbygk.com\/sv\/author\/000111-003\/"},"comments_num_v2":"0 comments","yoast_head":"<!-- This site is optimized with the Yoast SEO plugin v24.7 - https:\/\/yoast.com\/wordpress\/plugins\/seo\/ -->\n<title>Valborgshelgen p\u00e5 Visby GK! - Visby GK<\/title>\n<meta name=\"robots\" content=\"index, follow, max-snippet:-1, max-image-preview:large, max-video-preview:-1\" \/>\n<link rel=\"canonical\" href=\"https:\/\/www.visbygk.com\/sv\/nyheter\/valborgshelgen-pa-visby-gk\/\" \/>\n<meta property=\"og:locale\" content=\"sv_SE\" \/>\n<meta property=\"og:type\" content=\"article\" \/>\n<meta property=\"og:title\" content=\"Valborgshelgen p\u00e5 Visby GK! - Visby GK\" \/>\n<meta property=\"og:description\" content=\"Markera helgen 28-30 april i kalendern f\u00e5r d\u00e5 h\u00e4nder det massa roligt p\u00e5 Kronholmen! Avtackning av Lars Leissner, middagar i restaurangen, demodagar p\u00e5 rangen och bes\u00f6k av v\u00e5ra leverant\u00f6rer i&hellip;\" \/>\n<meta property=\"og:url\" content=\"https:\/\/www.visbygk.com\/sv\/nyheter\/valborgshelgen-pa-visby-gk\/\" \/>\n<meta property=\"og:site_name\" content=\"Visby GK\" \/>\n<meta property=\"article:published_time\" content=\"2023-04-14T13:24:17+00:00\" \/>\n<meta property=\"article:modified_time\" content=\"2023-04-19T14:14:44+00:00\" \/>\n<meta property=\"og:image\" content=\"https:\/\/www.visbygk.com\/wp-content\/uploads\/2023\/02\/Flygfoto-holmen-fran-soder-1-scaled.jpg\" \/>\n\t<meta property=\"og:image:width\" content=\"2560\" \/>\n\t<meta property=\"og:image:height\" content=\"1706\" \/>\n\t<meta property=\"og:image:type\" content=\"image\/jpeg\" \/>\n<meta name=\"author\" content=\"000111-003\" \/>\n<meta name=\"twitter:card\" content=\"summary_large_image\" \/>\n<meta name=\"twitter:label1\" content=\"Written by\" \/>\n\t<meta name=\"twitter:data1\" content=\"000111-003\" \/>\n\t<meta name=\"twitter:label2\" content=\"Est. reading time\" \/>\n\t<meta name=\"twitter:data2\" content=\"2 minuter\" \/>\n<script type=\"application\/ld+json\" class=\"yoast-schema-graph\">{\"@context\":\"https:\/\/schema.org\",\"@graph\":[{\"@type\":\"Article\",\"@id\":\"https:\/\/www.visbygk.com\/sv\/nyheter\/valborgshelgen-pa-visby-gk\/#article\",\"isPartOf\":{\"@id\":\"https:\/\/www.visbygk.com\/sv\/nyheter\/valborgshelgen-pa-visby-gk\/\"},\"author\":{\"name\":\"000111-003\",\"@id\":\"https:\/\/www.visbygk.com\/sv\/#\/schema\/person\/a6b9598f9f4346b4dbed5dc43639a3e2\"},\"headline\":\"Valborgshelgen p\u00e5 Visby GK!\",\"datePublished\":\"2023-04-14T13:24:17+00:00\",\"dateModified\":\"2023-04-19T14:14:44+00:00\",\"mainEntityOfPage\":{\"@id\":\"https:\/\/www.visbygk.com\/sv\/nyheter\/valborgshelgen-pa-visby-gk\/\"},\"wordCount\":453,\"publisher\":{\"@id\":\"https:\/\/www.visbygk.com\/sv\/#organization\"},\"image\":{\"@id\":\"https:\/\/www.visbygk.com\/sv\/nyheter\/valborgshelgen-pa-visby-gk\/#primaryimage\"},\"thumbnailUrl\":\"https:\/\/www.visbygk.com\/wp-content\/uploads\/2023\/02\/Flygfoto-holmen-fran-soder-1-scaled.jpg\",\"articleSection\":[\"Nyheter\"],\"inLanguage\":\"sv-SE\"},{\"@type\":\"WebPage\",\"@id\":\"https:\/\/www.visbygk.com\/sv\/nyheter\/valborgshelgen-pa-visby-gk\/\",\"url\":\"https:\/\/www.visbygk.com\/sv\/nyheter\/valborgshelgen-pa-visby-gk\/\",\"name\":\"Valborgshelgen p\u00e5 Visby GK! - Visby GK\",\"isPartOf\":{\"@id\":\"https:\/\/www.visbygk.com\/sv\/#website\"},\"primaryImageOfPage\":{\"@id\":\"https:\/\/www.visbygk.com\/sv\/nyheter\/valborgshelgen-pa-visby-gk\/#primaryimage\"},\"image\":{\"@id\":\"https:\/\/www.visbygk.com\/sv\/nyheter\/valborgshelgen-pa-visby-gk\/#primaryimage\"},\"thumbnailUrl\":\"https:\/\/www.visbygk.com\/wp-content\/uploads\/2023\/02\/Flygfoto-holmen-fran-soder-1-scaled.jpg\",\"datePublished\":\"2023-04-14T13:24:17+00:00\",\"dateModified\":\"2023-04-19T14:14:44+00:00\",\"breadcrumb\":{\"@id\":\"https:\/\/www.visbygk.com\/sv\/nyheter\/valborgshelgen-pa-visby-gk\/#breadcrumb\"},\"inLanguage\":\"sv-SE\",\"potentialAction\":[{\"@type\":\"ReadAction\",\"target\":[\"https:\/\/www.visbygk.com\/sv\/nyheter\/valborgshelgen-pa-visby-gk\/\"]}]},{\"@type\":\"ImageObject\",\"inLanguage\":\"sv-SE\",\"@id\":\"https:\/\/www.visbygk.com\/sv\/nyheter\/valborgshelgen-pa-visby-gk\/#primaryimage\",\"url\":\"https:\/\/www.visbygk.com\/wp-content\/uploads\/2023\/02\/Flygfoto-holmen-fran-soder-1-scaled.jpg\",\"contentUrl\":\"https:\/\/www.visbygk.com\/wp-content\/uploads\/2023\/02\/Flygfoto-holmen-fran-soder-1-scaled.jpg\",\"width\":2560,\"height\":1706},{\"@type\":\"BreadcrumbList\",\"@id\":\"https:\/\/www.visbygk.com\/sv\/nyheter\/valborgshelgen-pa-visby-gk\/#breadcrumb\",\"itemListElement\":[{\"@type\":\"ListItem\",\"position\":1,\"name\":\"Home\",\"item\":\"https:\/\/www.visbygk.com\/sv\/\"},{\"@type\":\"ListItem\",\"position\":2,\"name\":\"Valborgshelgen p\u00e5 Visby GK!\"}]},{\"@type\":\"WebSite\",\"@id\":\"https:\/\/www.visbygk.com\/sv\/#website\",\"url\":\"https:\/\/www.visbygk.com\/sv\/\",\"name\":\"Visby GK\",\"description\":\"Visby GK\",\"publisher\":{\"@id\":\"https:\/\/www.visbygk.com\/sv\/#organization\"},\"potentialAction\":[{\"@type\":\"SearchAction\",\"target\":{\"@type\":\"EntryPoint\",\"urlTemplate\":\"https:\/\/www.visbygk.com\/sv\/?s={search_term_string}\"},\"query-input\":{\"@type\":\"PropertyValueSpecification\",\"valueRequired\":true,\"valueName\":\"search_term_string\"}}],\"inLanguage\":\"sv-SE\"},{\"@type\":\"Organization\",\"@id\":\"https:\/\/www.visbygk.com\/sv\/#organization\",\"name\":\"Visby GK\",\"url\":\"https:\/\/www.visbygk.com\/sv\/\",\"logo\":{\"@type\":\"ImageObject\",\"inLanguage\":\"sv-SE\",\"@id\":\"https:\/\/www.visbygk.com\/sv\/#\/schema\/logo\/image\/\",\"url\":\"https:\/\/www.visbygk.com\/wp-content\/uploads\/2021\/01\/visbygk-svart-1.png\",\"contentUrl\":\"https:\/\/www.visbygk.com\/wp-content\/uploads\/2021\/01\/visbygk-svart-1.png\",\"width\":800,\"height\":800,\"caption\":\"Visby GK\"},\"image\":{\"@id\":\"https:\/\/www.visbygk.com\/sv\/#\/schema\/logo\/image\/\"}},{\"@type\":\"Person\",\"@id\":\"https:\/\/www.visbygk.com\/sv\/#\/schema\/person\/a6b9598f9f4346b4dbed5dc43639a3e2\",\"name\":\"000111-003\",\"image\":{\"@type\":\"ImageObject\",\"inLanguage\":\"sv-SE\",\"@id\":\"https:\/\/www.visbygk.com\/sv\/#\/schema\/person\/image\/\",\"url\":\"https:\/\/secure.gravatar.com\/avatar\/?s=96&d=mm&r=g\",\"contentUrl\":\"https:\/\/secure.gravatar.com\/avatar\/?s=96&d=mm&r=g\",\"caption\":\"000111-003\"},\"url\":\"https:\/\/www.visbygk.com\/sv\/author\/000111-003\/\"}]}<\/script>\n<!-- \/ Yoast SEO plugin. -->","yoast_head_json":{"title":"Valborgshelgen p\u00e5 Visby GK! - Visby GK","robots":{"index":"index","follow":"follow","max-snippet":"max-snippet:-1","max-image-preview":"max-image-preview:large","max-video-preview":"max-video-preview:-1"},"canonical":"https:\/\/www.visbygk.com\/sv\/nyheter\/valborgshelgen-pa-visby-gk\/","og_locale":"sv_SE","og_type":"article","og_title":"Valborgshelgen p\u00e5 Visby GK! - Visby GK","og_description":"Markera helgen 28-30 april i kalendern f\u00e5r d\u00e5 h\u00e4nder det massa roligt p\u00e5 Kronholmen! Avtackning av Lars Leissner, middagar i restaurangen, demodagar p\u00e5 rangen och bes\u00f6k av v\u00e5ra leverant\u00f6rer i&hellip;","og_url":"https:\/\/www.visbygk.com\/sv\/nyheter\/valborgshelgen-pa-visby-gk\/","og_site_name":"Visby GK","article_published_time":"2023-04-14T13:24:17+00:00","article_modified_time":"2023-04-19T14:14:44+00:00","og_image":[{"width":2560,"height":1706,"url":"https:\/\/www.visbygk.com\/wp-content\/uploads\/2023\/02\/Flygfoto-holmen-fran-soder-1-scaled.jpg","type":"image\/jpeg"}],"author":"000111-003","twitter_card":"summary_large_image","twitter_misc":{"Written by":"000111-003","Est. reading time":"2 minuter"},"schema":{"@context":"https:\/\/schema.org","@graph":[{"@type":"Article","@id":"https:\/\/www.visbygk.com\/sv\/nyheter\/valborgshelgen-pa-visby-gk\/#article","isPartOf":{"@id":"https:\/\/www.visbygk.com\/sv\/nyheter\/valborgshelgen-pa-visby-gk\/"},"author":{"name":"000111-003","@id":"https:\/\/www.visbygk.com\/sv\/#\/schema\/person\/a6b9598f9f4346b4dbed5dc43639a3e2"},"headline":"Valborgshelgen p\u00e5 Visby GK!","datePublished":"2023-04-14T13:24:17+00:00","dateModified":"2023-04-19T14:14:44+00:00","mainEntityOfPage":{"@id":"https:\/\/www.visbygk.com\/sv\/nyheter\/valborgshelgen-pa-visby-gk\/"},"wordCount":453,"publisher":{"@id":"https:\/\/www.visbygk.com\/sv\/#organization"},"image":{"@id":"https:\/\/www.visbygk.com\/sv\/nyheter\/valborgshelgen-pa-visby-gk\/#primaryimage"},"thumbnailUrl":"https:\/\/www.visbygk.com\/wp-content\/uploads\/2023\/02\/Flygfoto-holmen-fran-soder-1-scaled.jpg","articleSection":["Nyheter"],"inLanguage":"sv-SE"},{"@type":"WebPage","@id":"https:\/\/www.visbygk.com\/sv\/nyheter\/valborgshelgen-pa-visby-gk\/","url":"https:\/\/www.visbygk.com\/sv\/nyheter\/valborgshelgen-pa-visby-gk\/","name":"Valborgshelgen p\u00e5 Visby GK! - Visby GK","isPartOf":{"@id":"https:\/\/www.visbygk.com\/sv\/#website"},"primaryImageOfPage":{"@id":"https:\/\/www.visbygk.com\/sv\/nyheter\/valborgshelgen-pa-visby-gk\/#primaryimage"},"image":{"@id":"https:\/\/www.visbygk.com\/sv\/nyheter\/valborgshelgen-pa-visby-gk\/#primaryimage"},"thumbnailUrl":"https:\/\/www.visbygk.com\/wp-content\/uploads\/2023\/02\/Flygfoto-holmen-fran-soder-1-scaled.jpg","datePublished":"2023-04-14T13:24:17+00:00","dateModified":"2023-04-19T14:14:44+00:00","breadcrumb":{"@id":"https:\/\/www.visbygk.com\/sv\/nyheter\/valborgshelgen-pa-visby-gk\/#breadcrumb"},"inLanguage":"sv-SE","potentialAction":[{"@type":"ReadAction","target":["https:\/\/www.visbygk.com\/sv\/nyheter\/valborgshelgen-pa-visby-gk\/"]}]},{"@type":"ImageObject","inLanguage":"sv-SE","@id":"https:\/\/www.visbygk.com\/sv\/nyheter\/valborgshelgen-pa-visby-gk\/#primaryimage","url":"https:\/\/www.visbygk.com\/wp-content\/uploads\/2023\/02\/Flygfoto-holmen-fran-soder-1-scaled.jpg","contentUrl":"https:\/\/www.visbygk.com\/wp-content\/uploads\/2023\/02\/Flygfoto-holmen-fran-soder-1-scaled.jpg","width":2560,"height":1706},{"@type":"BreadcrumbList","@id":"https:\/\/www.visbygk.com\/sv\/nyheter\/valborgshelgen-pa-visby-gk\/#breadcrumb","itemListElement":[{"@type":"ListItem","position":1,"name":"Home","item":"https:\/\/www.visbygk.com\/sv\/"},{"@type":"ListItem","position":2,"name":"Valborgshelgen p\u00e5 Visby GK!"}]},{"@type":"WebSite","@id":"https:\/\/www.visbygk.com\/sv\/#website","url":"https:\/\/www.visbygk.com\/sv\/","name":"Visby GK","description":"Visby GK","publisher":{"@id":"https:\/\/www.visbygk.com\/sv\/#organization"},"potentialAction":[{"@type":"SearchAction","target":{"@type":"EntryPoint","urlTemplate":"https:\/\/www.visbygk.com\/sv\/?s={search_term_string}"},"query-input":{"@type":"PropertyValueSpecification","valueRequired":true,"valueName":"search_term_string"}}],"inLanguage":"sv-SE"},{"@type":"Organization","@id":"https:\/\/www.visbygk.com\/sv\/#organization","name":"Visby GK","url":"https:\/\/www.visbygk.com\/sv\/","logo":{"@type":"ImageObject","inLanguage":"sv-SE","@id":"https:\/\/www.visbygk.com\/sv\/#\/schema\/logo\/image\/","url":"https:\/\/www.visbygk.com\/wp-content\/uploads\/2021\/01\/visbygk-svart-1.png","contentUrl":"https:\/\/www.visbygk.com\/wp-content\/uploads\/2021\/01\/visbygk-svart-1.png","width":800,"height":800,"caption":"Visby GK"},"image":{"@id":"https:\/\/www.visbygk.com\/sv\/#\/schema\/logo\/image\/"}},{"@type":"Person","@id":"https:\/\/www.visbygk.com\/sv\/#\/schema\/person\/a6b9598f9f4346b4dbed5dc43639a3e2","name":"000111-003","image":{"@type":"ImageObject","inLanguage":"sv-SE","@id":"https:\/\/www.visbygk.com\/sv\/#\/schema\/person\/image\/","url":"https:\/\/secure.gravatar.com\/avatar\/?s=96&d=mm&r=g","contentUrl":"https:\/\/secure.gravatar.com\/avatar\/?s=96&d=mm&r=g","caption":"000111-003"},"url":"https:\/\/www.visbygk.com\/sv\/author\/000111-003\/"}]}},"_links":{"self":[{"href":"https:\/\/www.visbygk.com\/sv\/wp-json\/wp\/v2\/posts\/11093","targetHints":{"allow":["GET"]}}],"collection":[{"href":"https:\/\/www.visbygk.com\/sv\/wp-json\/wp\/v2\/posts"}],"about":[{"href":"https:\/\/www.visbygk.com\/sv\/wp-json\/wp\/v2\/types\/post"}],"author":[{"embeddable":true,"href":"https:\/\/www.visbygk.com\/sv\/wp-json\/wp\/v2\/users\/391"}],"replies":[{"embeddable":true,"href":"https:\/\/www.visbygk.com\/sv\/wp-json\/wp\/v2\/comments?post=11093"}],"version-history":[{"count":2,"href":"https:\/\/www.visbygk.com\/sv\/wp-json\/wp\/v2\/posts\/11093\/revisions"}],"predecessor-version":[{"id":11105,"href":"https:\/\/www.visbygk.com\/sv\/wp-json\/wp\/v2\/posts\/11093\/revisions\/11105"}],"wp:featuredmedia":[{"embeddable":true,"href":"https:\/\/www.visbygk.com\/sv\/wp-json\/wp\/v2\/media\/10628"}],"wp:attachment":[{"href":"https:\/\/www.visbygk.com\/sv\/wp-json\/wp\/v2\/media?parent=11093"}],"wp:term":[{"taxonomy":"category","embeddable":true,"href":"https:\/\/www.visbygk.com\/sv\/wp-json\/wp\/v2\/categories?post=11093"},{"taxonomy":"post_tag","embeddable":true,"href":"https:\/\/www.visbygk.com\/sv\/wp-json\/wp\/v2\/tags?post=11093"}],"curies":[{"name":"wp","href":"https:\/\/api.w.org\/{rel}","templated":true}]}}